{"id":1015,"date":"2023-03-30T15:10:00","date_gmt":"2023-03-30T19:10:00","guid":{"rendered":"https:\/\/betodoisaum.com.br\/site\/?p=1015"},"modified":"2023-04-12T10:11:20","modified_gmt":"2023-04-12T14:11:20","slug":"beto-dois-a-um-participa-da-inauguracao-de-complexo-esportivo-em-caceres","status":"publish","type":"post","link":"https:\/\/betodoisaum.com.br\/site\/beto-dois-a-um-participa-da-inauguracao-de-complexo-esportivo-em-caceres\/","title":{"rendered":"Beto Dois a Um participa da inaugura\u00e7\u00e3o de complexo esportivo em C\u00e1ceres"},"content":{"rendered":"\n<p>Nesta Segunda-feira (03), o deputado Beto Dois a Um participou da inaugura\u00e7\u00e3o do Centro de Inicia\u00e7\u00e3o ao Esporte Renato Vidal Garcia (CIE), na cidade de C\u00e1ceres. A obra foi entregue pelo Governo de Mato Grosso em parceria com o Governo Federal.<\/p>\n\n\n\n<p>\u201cHoje o esporte de Mato Grosso est\u00e1 em festa! Ano passado estive em C\u00e1ceres para conferir de perto o andamento das obras do CIE. E com muita satisfa\u00e7\u00e3o voltei l\u00e1 hoje para a inaugura\u00e7\u00e3o desse important\u00edssimo complexo esportivo da Regi\u00e3o Oeste\u201d, destacou Beto.<\/p>\n\n\n\n<p>O Centro de Inicia\u00e7\u00e3o ao Esporte leva o nome do esportista e ex-vereador Vidal Garcia, e ser\u00e1 um espa\u00e7o para a pr\u00e1tica de v\u00e1rias modalidades esportivas. O projeto integra, em um s\u00f3 espa\u00e7o f\u00edsico, atividades e a pr\u00e1tica de modalidades voltadas ao esporte de alto rendimento, estimulando a forma\u00e7\u00e3o de atletas, entre crian\u00e7as e adolescentes.<\/p>\n\n\n\n<p>\u201cO complexo est\u00e1 realmente lindo, bem equipado e acess\u00edvel. Parab\u00e9ns ao Governo Federal, Governo Estadual, Prefeitura Municipal de C\u00e1ceres e a todos os trabalhadores do esporte que ganham mais esse aparelho voltado \u00e0 pr\u00e1tica esportiva, t\u00e3o importante fator de transforma\u00e7\u00e3o na vida das pessoas\u201d, diz Beto.<\/p>\n\n\n\n<p>Al\u00e9m do deputado Beto Dois a Um, estiveram presentes o governador Mauro Mendes, a ministra do Esporte, Ana Moser, a prefeita de C\u00e1ceres, Eliene Liberato Dias, o secret\u00e1rio de Cultura, Esporte e Lazer de Mato Grosso, Jefferson Neves, a secretaria de Comunica\u00e7\u00e3o do Estado, Laice Souza, entre outros deputados e senadores.<\/p>\n\n\n\n<p><strong><em>Da Assessoria <\/em><\/strong><\/p>\n","protected":false},"excerpt":{"rendered":"<p>O projeto integra, em um s\u00f3 espa\u00e7o f\u00edsico, atividades e a pr\u00e1tica de modalidades voltadas ao esporte de alto rendimento, estimulando a forma\u00e7\u00e3o de atletas, entre crian\u00e7as e adolescentes<\/p>\n","protected":false},"author":2,"featured_media":1019,"comment_status":"open","ping_status":"open","sticky":false,"template":"","format":"standard","meta":{"_acf_changed":false,"footnotes":""},"categories":[27,15,11],"tags":[43],"municipio":[],"class_list":["post-1015","post","type-post","status-publish","format-standard","has-post-thumbnail","hentry","category-carrousel","category-esporte","category-noticias","tag-esporte"],"acf":[],"_links":{"self":[{"href":"https:\/\/betodoisaum.com.br\/site\/wp-json\/wp\/v2\/posts\/1015","targetHints":{"allow":["GET"]}}],"collection":[{"href":"https:\/\/betodoisaum.com.br\/site\/wp-json\/wp\/v2\/posts"}],"about":[{"href":"https:\/\/betodoisaum.com.br\/site\/wp-json\/wp\/v2\/types\/post"}],"author":[{"embeddable":true,"href":"https:\/\/betodoisaum.com.br\/site\/wp-json\/wp\/v2\/users\/2"}],"replies":[{"embeddable":true,"href":"https:\/\/betodoisaum.com.br\/site\/wp-json\/wp\/v2\/comments?post=1015"}],"version-history":[{"count":0,"href":"https:\/\/betodoisaum.com.br\/site\/wp-json\/wp\/v2\/posts\/1015\/revisions"}],"wp:featuredmedia":[{"embeddable":true,"href":"https:\/\/betodoisaum.com.br\/site\/wp-json\/wp\/v2\/media\/1019"}],"wp:attachment":[{"href":"https:\/\/betodoisaum.com.br\/site\/wp-json\/wp\/v2\/media?parent=1015"}],"wp:term":[{"taxonomy":"category","embeddable":true,"href":"https:\/\/betodoisaum.com.br\/site\/wp-json\/wp\/v2\/categories?post=1015"},{"taxonomy":"post_tag","embeddable":true,"href":"https:\/\/betodoisaum.com.br\/site\/wp-json\/wp\/v2\/tags?post=1015"},{"taxonomy":"municipio","embeddable":true,"href":"https:\/\/betodoisaum.com.br\/site\/wp-json\/wp\/v2\/municipio?post=1015"}],"curies":[{"name":"wp","href":"https:\/\/api.w.org\/{rel}","templated":true}]}}