{"id":10323,"date":"2024-09-10T11:55:16","date_gmt":"2024-09-10T15:55:16","guid":{"rendered":"https:\/\/betodoisaum.com.br\/site\/?p=10323"},"modified":"2024-09-12T10:14:08","modified_gmt":"2024-09-12T14:14:08","slug":"priscila-dourado-assume-vaga-na-almt-durante-licenca-do-deputado-beto-dois-a-um","status":"publish","type":"post","link":"https:\/\/betodoisaum.com.br\/site\/priscila-dourado-assume-vaga-na-almt-durante-licenca-do-deputado-beto-dois-a-um\/","title":{"rendered":"Priscila Dourado assume vaga na ALMT durante licen\u00e7a do deputado Beto Dois a Um"},"content":{"rendered":"\n<p>A suplente Priscila Dourado, de Alto Araguaia, assumir\u00e1 a vaga do Deputado Beto Dois a Um, que se licencia nesta quarta (11\/9). A cerim\u00f4nia de posse est\u00e1 marcada para ocorrer no plen\u00e1rio durante a sess\u00e3o.<\/p>\n\n\n\n<p>Antes da posse, Beto fez quest\u00e3o de destacar confian\u00e7a na capacidade de Priscila Dourado as demandas da sua regi\u00e3o.<\/p>\n\n\n\n<p>&#8220;Estou certo de que Priscila trar\u00e1 sua experi\u00eancia e capacidade para contribuir com o trabalho legislativo aqui na Assembleia&#8221;, afirmou o parlamentar.<\/p>\n\n\n\n<p>Priscila Dourado, que \u00e9 primeira-dama de Alto Araguaia, possui forma\u00e7\u00e3o superior em enfermagem com p\u00f3s-gradua\u00e7\u00e3o e uma s\u00f3lida trajet\u00f3ria como secret\u00e1ria de Assist\u00eancia Social, antecipou os desafios que pretende enfrentar como representante do Vale do Araguaia.<\/p>\n\n\n\n<p>\u201cEstou honrada em poder servir ao povo de Mato Grosso neste momento importante. Minha experi\u00eancia na gest\u00e3o p\u00fablica e meu compromisso com as causas sociais ser\u00e3o fundamentais para meu trabalho aqui na Assembleia&#8221;, disse a futura deputada.<\/p>\n\n\n\n<p>&#8220;Al\u00e9m disso, sou m\u00e3e do Jos\u00e9 Felipe e da J\u00falia Regina e casada com o prefeito de Alto Araguaia, Gustavo Melo&#8221;, acrescentou, ressaltando seu v\u00ednculo com a Regi\u00e3o e sua determina\u00e7\u00e3o em represent\u00e1-la da melhor forma.<\/p>\n\n\n\n<p><\/p>\n","protected":false},"excerpt":{"rendered":"<p>&#8220;Estou certo de que Priscila trar\u00e1 sua experi\u00eancia e capacidade para contribuir com o trabalho legislativo aqui na Assembleia&#8221;, afirmou o parlamentar.<\/p>\n","protected":false},"author":1,"featured_media":10324,"comment_status":"open","ping_status":"open","sticky":false,"template":"","format":"standard","meta":{"_acf_changed":false,"footnotes":""},"categories":[27,11],"tags":[],"municipio":[65],"class_list":["post-10323","post","type-post","status-publish","format-standard","has-post-thumbnail","hentry","category-carrousel","category-noticias","municipio-cuiaba"],"acf":[],"_links":{"self":[{"href":"https:\/\/betodoisaum.com.br\/site\/wp-json\/wp\/v2\/posts\/10323","targetHints":{"allow":["GET"]}}],"collection":[{"href":"https:\/\/betodoisaum.com.br\/site\/wp-json\/wp\/v2\/posts"}],"about":[{"href":"https:\/\/betodoisaum.com.br\/site\/wp-json\/wp\/v2\/types\/post"}],"author":[{"embeddable":true,"href":"https:\/\/betodoisaum.com.br\/site\/wp-json\/wp\/v2\/users\/1"}],"replies":[{"embeddable":true,"href":"https:\/\/betodoisaum.com.br\/site\/wp-json\/wp\/v2\/comments?post=10323"}],"version-history":[{"count":1,"href":"https:\/\/betodoisaum.com.br\/site\/wp-json\/wp\/v2\/posts\/10323\/revisions"}],"predecessor-version":[{"id":10325,"href":"https:\/\/betodoisaum.com.br\/site\/wp-json\/wp\/v2\/posts\/10323\/revisions\/10325"}],"wp:featuredmedia":[{"embeddable":true,"href":"https:\/\/betodoisaum.com.br\/site\/wp-json\/wp\/v2\/media\/10324"}],"wp:attachment":[{"href":"https:\/\/betodoisaum.com.br\/site\/wp-json\/wp\/v2\/media?parent=10323"}],"wp:term":[{"taxonomy":"category","embeddable":true,"href":"https:\/\/betodoisaum.com.br\/site\/wp-json\/wp\/v2\/categories?post=10323"},{"taxonomy":"post_tag","embeddable":true,"href":"https:\/\/betodoisaum.com.br\/site\/wp-json\/wp\/v2\/tags?post=10323"},{"taxonomy":"municipio","embeddable":true,"href":"https:\/\/betodoisaum.com.br\/site\/wp-json\/wp\/v2\/municipio?post=10323"}],"curies":[{"name":"wp","href":"https:\/\/api.w.org\/{rel}","templated":true}]}}