{"id":10472,"date":"2024-11-11T11:22:30","date_gmt":"2024-11-11T15:22:30","guid":{"rendered":"https:\/\/betodoisaum.com.br\/site\/?p=10472"},"modified":"2024-11-12T09:05:32","modified_gmt":"2024-11-12T13:05:32","slug":"luciene-carvalho-lanca-saranzal-com-evento-especial-no-palacio-da-instrucao","status":"publish","type":"post","link":"https:\/\/betodoisaum.com.br\/site\/luciene-carvalho-lanca-saranzal-com-evento-especial-no-palacio-da-instrucao\/","title":{"rendered":"Luciene Carvalho lan\u00e7a &#8220;Saranzal&#8221; com evento especial no Pal\u00e1cio da Instru\u00e7\u00e3o"},"content":{"rendered":"\n<p><\/p>\n\n\n\n<p>No pr\u00f3ximo dia 19 de novembro, a partir das 19h30, a escritora Luciene Carvalho lan\u00e7a seu mais novo livro de poesias, &#8220;Saranzal&#8221;, em uma noite especial no Pal\u00e1cio da Instru\u00e7\u00e3o, em Cuiab\u00e1. O evento integra o Quilombo Po\u00e9tico, e traz uma performance de &#8220;c\u00eanica po\u00e9tica&#8221; dirigida pela pr\u00f3pria autora, que reflete sua trajet\u00f3ria como mulher negra, perif\u00e9rica e diretora de teatro, celebrando tamb\u00e9m seus 30 anos dedicados \u00e0 literatura.<\/p>\n\n\n\n<p>\u201cSaranzal\u201d, publicado pela Carlini &amp; Caniato Editorial e ilustrado por Gerald Thomas, \u00e9 um livro que transcende g\u00eaneros liter\u00e1rios e reflete uma escrita mosaico. Luciene Carvalho resgata textos antigos e os conecta com sua produ\u00e7\u00e3o mais recente, marcada pela experi\u00eancia da pandemia.&#8221;&#8216;Saranzal&#8217; \u00e9 uma obra de afetos, um abra\u00e7o para o humano, um livro que se derrama por lugares, mem\u00f3rias, por sobreviver e por pessoas. A urg\u00eancia desse livro \u00e9 uma urg\u00eancia p\u00f3s-pand\u00eamica\u201d, explica a autora.<\/p>\n\n\n\n<p>Escrito ap\u00f3s um infarto sofrido em 2021, &#8220;Saranzal&#8221; traz uma Luciene transformada, com vis\u00e3o renovada sobre a vida e a arte. O livro carrega temas profundos como o legado de seu pai e a sobreviv\u00eancia em tempos dif\u00edceis, sempre permeados por uma narrativa de afeto e resist\u00eancia. Para a autora, &#8220;Saranzal&#8221; \u00e9 um abra\u00e7o para o humano, uma obra que busca dialogar com a coletividade.<\/p>\n\n\n\n<p><strong>A &#8220;c\u00eanica po\u00e9tica\u201d de Luciene Carvalho<\/strong><\/p>\n\n\n\n<p>No lan\u00e7amento, o p\u00fablico poder\u00e1 vivenciar uma performance teatral e liter\u00e1ria \u00fanica, em que a autora, tamb\u00e9m diretora de teatro, trar\u00e1 elementos da oralidade e da poesia encenada. O evento reflete a contemporaneidade profunda da obra e a conex\u00e3o entre o passado e o presente de Luciene, que, prestes a completas 60 anos, explora suas mem\u00f3rias pessoais e coletivas com uma nova voz. &#8220;Esse evento vai falar da preta, da mulher perif\u00e9rica, da mulher pobre, da mulher poeta e da diretora de teatro&#8221;, comenta Luciene, ressaltando o quanto &#8220;Saranzal&#8221; representa um marco em sua trajet\u00f3ria.<\/p>\n\n\n\n<p>Al\u00e9m disso, a data do lan\u00e7amento foi escolhida para marcar os 30 anos da publica\u00e7\u00e3o do primeiro livro de Luciene Carvalho, uma das vozes mais proeminentes da literatura contempor\u00e2nea em Mato Grosso. A obra tamb\u00e9m celebra sua trajet\u00f3ria como a primeira mulher negra a presidir uma Academia de Letras no Brasil, em um feito hist\u00f3rico que refor\u00e7a seu compromisso com a inclus\u00e3o e a diversidade no cen\u00e1rio liter\u00e1rio.<\/p>\n\n\n\n<p>&#8220;Saranzal&#8221; recebeu patroc\u00ednio da Secretaria de Cultura, Esporte e Lazer (Secel-MT) via Edital Estev\u00e3o de Mendon\u00e7a de Literatura Mato-grossense e conta com apoio do deputado estadual Beto Dois a Um. <\/p>\n\n\n\n<p>&#8220;Luciene \u00e9 um fen\u00f4meno da literatura, poeta revolucionaria, apaixonada pelo que faz, uma militante das letras. \u00c9 um verdadeiro privil\u00e9gio para esta e para as futuras gera\u00e7\u00f5es, t\u00ea-la t\u00e3o dedicada e produtiva&#8221;, destaca o parlamentar. <\/p>\n\n\n\n<p><strong>Sobre a autora<\/strong><\/p>\n\n\n\n<p>Luciene Carvalho \u00e9 escritora, poeta e diretora de teatro. Publicou:<br>&#8220;Devaneios po\u00e9ticos: colet\u00e2nea&#8221; (EdUFMT, 1994)<br>&#8220;Teia&#8221; (Teia 33, 2000)<br>&#8220;Caderno de caligrafia&#8221; (Cathedral, 2003)<br>&#8220;Porto&#8221; (Instituto Usina, 2005)<br>&#8220;Conta-gotas&#8221; (2007)<br>&#8220;Sumo da lasc\u00edvia&#8221; (2007)<br>&#8220;Aquelarre ou o livro de Madalena&#8221; (2007)<br>&#8220;Cururu e siriri do Rio Abaixo&#8221; (Instituto Usina, 2007)<br>&#8220;Ins\u00e2nia&#8221; (Entrelinhas, 2009)<br>&#8220;Ladra de flores&#8221; (2012, Carlini &amp; Caniato Editorial)<br>&#8220;Dona&#8221; (2018, Carlini &amp; Caniato Editorial)<br>&#8220;Na pele&#8221; (2020, Carlini &amp; Caniato Editorial)<br>&#8220;Doze contos: interpretando a miragem&#8221; (2021, Carlini &amp; Caniato Editorial)<br>&#8220;Gula d\u2019\u00e1gua&#8221; (2021, Carlini &amp; Caniato Editorial)<\/p>\n\n\n\n<p>Algumas dessas obras conquistaram pr\u00eamios e condecora\u00e7\u00f5es. Parte importante do seu trabalho como declamadora se d\u00e1 em shows po\u00e9ticos em que une figurino, efeitos c\u00eanicos e trilhas musicais para oferecer sua poesia viva e coloc\u00e1-la a servi\u00e7o da emo\u00e7\u00e3o da plateia. Luciene ocupa a cadeira n\u00ba 31 da Academia Mato-grossense de Letras, onde atualmente ocupa o cargo de presidente.<br><\/p>\n\n\n\n<p><strong>Servi\u00e7o<\/strong><br>Lan\u00e7amento do livro \u201cSaranzal&#8221; de Luciene Carvalho<br>Onde: Pal\u00e1cio da Instru\u00e7\u00e3o, Cuiab\u00e1<br>Data: 19 de novembro de 2024<br>Hor\u00e1rio: 19h<br>Onde adquirir: <a href=\"https:\/\/tantatinta.com.br\/livro\/saranzal\">https:\/\/tantatinta.com.br\/livro\/saranzal<\/a><\/p>\n\n\n\n<p><\/p>\n","protected":false},"excerpt":{"rendered":"<p>Comemorando 30 anos de sua primeira publica\u00e7\u00e3o, a escritora e presidente da AMTL lan\u00e7a seu novo livro de poesias<\/p>\n","protected":false},"author":2,"featured_media":10473,"comment_status":"open","ping_status":"open","sticky":false,"template":"","format":"standard","meta":{"_acf_changed":false,"footnotes":""},"categories":[27,21,20,11],"tags":[],"municipio":[],"class_list":["post-10472","post","type-post","status-publish","format-standard","has-post-thumbnail","hentry","category-carrousel","category-cultura","category-inclusao","category-noticias"],"acf":[],"_links":{"self":[{"href":"https:\/\/betodoisaum.com.br\/site\/wp-json\/wp\/v2\/posts\/10472","targetHints":{"allow":["GET"]}}],"collection":[{"href":"https:\/\/betodoisaum.com.br\/site\/wp-json\/wp\/v2\/posts"}],"about":[{"href":"https:\/\/betodoisaum.com.br\/site\/wp-json\/wp\/v2\/types\/post"}],"author":[{"embeddable":true,"href":"https:\/\/betodoisaum.com.br\/site\/wp-json\/wp\/v2\/users\/2"}],"replies":[{"embeddable":true,"href":"https:\/\/betodoisaum.com.br\/site\/wp-json\/wp\/v2\/comments?post=10472"}],"version-history":[{"count":2,"href":"https:\/\/betodoisaum.com.br\/site\/wp-json\/wp\/v2\/posts\/10472\/revisions"}],"predecessor-version":[{"id":10475,"href":"https:\/\/betodoisaum.com.br\/site\/wp-json\/wp\/v2\/posts\/10472\/revisions\/10475"}],"wp:featuredmedia":[{"embeddable":true,"href":"https:\/\/betodoisaum.com.br\/site\/wp-json\/wp\/v2\/media\/10473"}],"wp:attachment":[{"href":"https:\/\/betodoisaum.com.br\/site\/wp-json\/wp\/v2\/media?parent=10472"}],"wp:term":[{"taxonomy":"category","embeddable":true,"href":"https:\/\/betodoisaum.com.br\/site\/wp-json\/wp\/v2\/categories?post=10472"},{"taxonomy":"post_tag","embeddable":true,"href":"https:\/\/betodoisaum.com.br\/site\/wp-json\/wp\/v2\/tags?post=10472"},{"taxonomy":"municipio","embeddable":true,"href":"https:\/\/betodoisaum.com.br\/site\/wp-json\/wp\/v2\/municipio?post=10472"}],"curies":[{"name":"wp","href":"https:\/\/api.w.org\/{rel}","templated":true}]}}