{"id":10476,"date":"2024-11-13T15:55:22","date_gmt":"2024-11-13T19:55:22","guid":{"rendered":"https:\/\/betodoisaum.com.br\/site\/?p=10476"},"modified":"2024-11-13T15:55:22","modified_gmt":"2024-11-13T19:55:22","slug":"beto-dois-a-um-propoe-criacao-de-comenda-silva-freire-de-literatura","status":"publish","type":"post","link":"https:\/\/betodoisaum.com.br\/site\/beto-dois-a-um-propoe-criacao-de-comenda-silva-freire-de-literatura\/","title":{"rendered":"Beto Dois a Um prop\u00f5e cria\u00e7\u00e3o de Comenda Silva Freire de Literatura"},"content":{"rendered":"\n<p>O deputado estadual Beto Dois a Um (Uni\u00e3o Brasil), juntamente com o presidente da Assembleia Legislativa de Mato Grosso (ALMT), Eduardo Botelho (Uni\u00e3o Brasil), propuseram na manh\u00e3 desta quarta-feira (13.11), em plen\u00e1rio, a cria\u00e7\u00e3o da Comenda Benedito Sant\u2019Anna da Silva Freire de Literatura.<\/p>\n\n\n\n<p>A iniciativa, caso aprovada pela Comiss\u00e3o de M\u00e9rito da ALMT e Comiss\u00e3o de Constitui\u00e7\u00e3o, Justi\u00e7a e Cidadania (CCJ), vai condecorar escritores mato-grossenses e tamb\u00e9m aqueles que produzem literatura em Mato Grosso h\u00e1 pelo menos dez anos.<\/p>\n\n\n\n<p>\u201cPensando na enorme relev\u00e2ncia desse extraordin\u00e1rio poeta mato-grossense, e como forma de agradecimento e incentivo \u00e0 literatura produzida em Mato Grosso, pensamos na cria\u00e7\u00e3o dessa comenda que leva o nome de Silva Freire. Uma justa homenagem a esse que \u00e9, sem d\u00favidas, um dos maiores expoentes da cultura de Mato Grosso\u201d, destaca Beto Dois a Um.<\/p>\n\n\n\n<p>Nascido na regi\u00e3o das usinas de cana de a\u00e7\u00facar, em Santo Ant\u00f4nio do Leverger, Silva Freire era jurista, jornalista, professor da Universidade Federal de Mato Grosso, escritor e poeta. Criou em parceria com  Wladimir Dias-Pino, o Intensivismo, \u00fanico e exclusivo movimento liter\u00e1rio fundado em Mato Grosso e que se espalhou pelo Brasil e Am\u00e9rica Latina.<\/p>\n\n\n\n<p>\u201cBeto Dois a Um \u00e9 muito sens\u00edvel \u00e0 cultura, ele percebe como ningu\u00e9m a constru\u00e7\u00e3o da nova identidade mato-grossense que se fixa de maneira eterna por meio dos livros de qualidade que est\u00e3o sendo publicados hoje. Uma comenda especificamente liter\u00e1ria \u00e9 a verdadeira compreens\u00e3o do legislativo frente a dimens\u00e3o e volume da constru\u00e7\u00e3o liter\u00e1ria de Mato Grosso. Aqui \u00e9 terra de Manoel de Barros, Dom Aquino, Jos\u00e9 de Mesquita, mas tamb\u00e9m \u00e9 um lugar de arte pujante todo tempo. Temos hoje uma gera\u00e7\u00e3o que produz com muita qualidade e regularidade. A literatura \u00e9 o segmento art\u00edstico mato-grossense que est\u00e1 pronto para o mercado liter\u00e1rio, notifica\u00e7\u00e3o legislativa e conhecimento nacional\u201d, analisa Luciene Carvalho, presidente da Academia Mato-grossense de Letras. &nbsp;&nbsp;<\/p>\n\n\n\n<p>Para o deputado Eduardo Botelho, a cria\u00e7\u00e3o dessa comenda \u00e9 uma forma de reconhecer a import\u00e2ncia de Silva Freire, mas tamb\u00e9m uma oportunidade de incentivo \u00e0 nova gera\u00e7\u00e3o de escritores.<\/p>\n\n\n\n<p>\u201cSilva Freire \u00e9 um dos mais importantes nomes da literatura mato-grossense, e a cria\u00e7\u00e3o dessa comenda \u00e9 uma forma de reconhecer sua genialidade, perpetuando sua import\u00e2ncia para a cultura do nosso estado, al\u00e9m de incentivar novas gera\u00e7\u00f5es de escritores. Silva Freire, \u00e9 uma grande inspira\u00e7\u00e3o para escritores, mas tamb\u00e9m \u00e9 um exemplo de cidad\u00e3o apaixonado pela cultura de Mato Grosso\u201d, destaca o parlamentar.<\/p>\n","protected":false},"excerpt":{"rendered":"<p>A iniciativa, caso aprovada, vai condecorar escritores mato-grossenses e tamb\u00e9m aqueles que produzem literatura em Mato Grosso h\u00e1 pelo menos dez anos<\/p>\n","protected":false},"author":2,"featured_media":10477,"comment_status":"open","ping_status":"open","sticky":false,"template":"","format":"standard","meta":{"_acf_changed":false,"footnotes":""},"categories":[27,21,11],"tags":[35,46],"municipio":[],"class_list":["post-10476","post","type-post","status-publish","format-standard","has-post-thumbnail","hentry","category-carrousel","category-cultura","category-noticias","tag-assembleia-legislativa","tag-cultura"],"acf":[],"_links":{"self":[{"href":"https:\/\/betodoisaum.com.br\/site\/wp-json\/wp\/v2\/posts\/10476","targetHints":{"allow":["GET"]}}],"collection":[{"href":"https:\/\/betodoisaum.com.br\/site\/wp-json\/wp\/v2\/posts"}],"about":[{"href":"https:\/\/betodoisaum.com.br\/site\/wp-json\/wp\/v2\/types\/post"}],"author":[{"embeddable":true,"href":"https:\/\/betodoisaum.com.br\/site\/wp-json\/wp\/v2\/users\/2"}],"replies":[{"embeddable":true,"href":"https:\/\/betodoisaum.com.br\/site\/wp-json\/wp\/v2\/comments?post=10476"}],"version-history":[{"count":1,"href":"https:\/\/betodoisaum.com.br\/site\/wp-json\/wp\/v2\/posts\/10476\/revisions"}],"predecessor-version":[{"id":10478,"href":"https:\/\/betodoisaum.com.br\/site\/wp-json\/wp\/v2\/posts\/10476\/revisions\/10478"}],"wp:featuredmedia":[{"embeddable":true,"href":"https:\/\/betodoisaum.com.br\/site\/wp-json\/wp\/v2\/media\/10477"}],"wp:attachment":[{"href":"https:\/\/betodoisaum.com.br\/site\/wp-json\/wp\/v2\/media?parent=10476"}],"wp:term":[{"taxonomy":"category","embeddable":true,"href":"https:\/\/betodoisaum.com.br\/site\/wp-json\/wp\/v2\/categories?post=10476"},{"taxonomy":"post_tag","embeddable":true,"href":"https:\/\/betodoisaum.com.br\/site\/wp-json\/wp\/v2\/tags?post=10476"},{"taxonomy":"municipio","embeddable":true,"href":"https:\/\/betodoisaum.com.br\/site\/wp-json\/wp\/v2\/municipio?post=10476"}],"curies":[{"name":"wp","href":"https:\/\/api.w.org\/{rel}","templated":true}]}}