{"id":1053,"date":"2023-04-11T10:59:43","date_gmt":"2023-04-11T14:59:43","guid":{"rendered":"https:\/\/betodoisaum.com.br\/site\/?p=1053"},"modified":"2023-04-20T13:28:36","modified_gmt":"2023-04-20T17:28:36","slug":"beto-dois-a-um-apresenta-60-proposicoes-em-70-dias-de-mandato","status":"publish","type":"post","link":"https:\/\/betodoisaum.com.br\/site\/beto-dois-a-um-apresenta-60-proposicoes-em-70-dias-de-mandato\/","title":{"rendered":"Beto Dois a Um apresenta 111 proposi\u00e7\u00f5es em 70 dias de mandato"},"content":{"rendered":"\n<p>A 20\u00aa Legislatura da Assembleia Legislativa do Estado de Mato Grosso (AL MT) teve in\u00edcio no dia 1\u00b0 de fevereiro de 2023. De l\u00e1 para c\u00e1 o deputado Beto Dois a Um apresentou dois Projetos de Lei, 103 indica\u00e7\u00f5es, tr\u00eas Mo\u00e7\u00f5es de Aplauso, dois requerimentos, realizou 621 atendimentos e visitou 24  munic\u00edpios de Mato Grosso em pouco mais de dois meses.<\/p>\n\n\n\n<p>\u201cEu gosto do que fa\u00e7o, sou muito grato pela oportunidade de exercer a fun\u00e7\u00e3o de deputado estadual, queria muito estar aqui, e agora que conseguimos, vou dar o meu melhor. Vou honrar cada voto, minha miss\u00e3o \u00e9 contribuir para que Mato Grosso seja um estado cada vez mais justo\u201d, diz Beto.<\/p>\n\n\n\n<p>Sobre os Projetos de Lei apresentados pelo parlamentar at\u00e9 aqui, em tramita\u00e7\u00e3o est\u00e3o: PL 990\/2023, que disp\u00f5e sobre altera\u00e7\u00f5es na Lei 10.941,prevendo gratuidade de inscri\u00e7\u00e3o a pessoas com defici\u00eancia em competi\u00e7\u00f5es esportivas em Mato Grosso; e PL 925\/2023, este sobre altera\u00e7\u00e3o da Lei10.134\/2014, que obriga a reserva de assento ao acompanhante de pessoa com defici\u00eancia em Mato Grosso.<\/p>\n\n\n\n<p>Com experi\u00eancia no setor cultural, ex-secret\u00e1rio de Cultura de Mato Grosso,Beto Dois a Um teve participa\u00e7\u00e3o ativa nos ajustes do Projeto de Lei que limita valores oriundos de recursos p\u00fablicos estaduais para realiza\u00e7\u00e3o de shows e eventos, apresentado por lideran\u00e7as partid\u00e1rias, aprovado em segunda vota\u00e7\u00e3o por unanimidade.<\/p>\n\n\n\n<p>Entre as 103 indica\u00e7\u00f5es &#8211; quando o deputado encaminha demandas necess\u00e1rias para o Governo do Estado &#8211; destacam-se: Destina\u00e7\u00e3o de recursos para manuten\u00e7\u00e3o do Hospital Laura de Vicun\u00e3, no munic\u00edpio de Nobres; reforma do Hospital Municipal de Brasnorte, no munic\u00edpio de Brasnorte; reforma do Gin\u00e1sio Poliesportivo Anderson Pellin, no munic\u00edpio de Tapurah; recursos para custeio da Sa\u00fade do munic\u00edpio de Ita\u00faba; dois \u00f4nibus escolares para atender alunos da Escola Militar Estadual de Primavera do Leste; disponibiliza\u00e7\u00e3o de um servidor M\u00e9dico Perito para a ag\u00eancia do INSS, no munic\u00edpio de Pontes e Lacerda;pavimenta\u00e7\u00e3o asf\u00e1ltica nas ruas do Bairro Jardim S\u00e3o Paulo, no munic\u00edpio de Mirassol D\u2019Oeste; caminh\u00e3o compactador de lixo para atender o munic\u00edpio de Figueir\u00f3polis D\u2019Oeste.<\/p>\n\n\n\n<p>&#8220;Penso sempre em descomplicar, desburocratizar, facilitar e, principalmente,ouvir as pessoas com aten\u00e7\u00e3o m\u00e1xima \u00e0s demandas. Tenho esse perfil de resolver problemas, n\u00e3o procrastino nada\u201d, revela.<\/p>\n\n\n\n<p>Vice-l\u00edder do Governo na AL MT, Beto \u00e9 ainda membro de sete Comiss\u00f5es Parlamentares: Trabalho e Administra\u00e7\u00e3o P\u00fablica (do qual \u00e9 presidente da comiss\u00e3o); Educa\u00e7\u00e3o, Ci\u00eancia, Tecnologia, Cultura e Desporto; Ind\u00fastria,Com\u00e9rcio e Turismo; Meio Ambiente, Recursos H\u00eddricos e Recursos Minerais;Defesa do Consumidor e do Contribuinte; Seguran\u00e7a P\u00fablica e Comunit\u00e1ria; e Sa\u00fade, Previd\u00eancia e Assist\u00eancia Social.<\/p>\n\n\n\n<p>Em suas andan\u00e7as por Mato Grosso, em pouco mais de dois meses de mandato visitou os munic\u00edpios de Ju\u00edna, Nova Mutum, Pocon\u00e9, C\u00e1ceres, Santo Ant\u00f4nio de Leverger, Campo Verde, Barra do Gar\u00e7as e outros. At\u00e9 o fim de abril, a agenda do deputado prev\u00ea visitas a mais seis munic\u00edpios.<\/p>\n\n\n\n<p><strong><em>Da Assessoria<\/em><\/strong><\/p>\n","protected":false},"excerpt":{"rendered":"<p>Em seu primeiro mandato, Beto Dois a Um chega aos primeiros 70 dias de trabalho com projetos de lei, indica\u00e7\u00f5es, requerimentos, mo\u00e7\u00f5es de aplausos, atendimentos e visitas <\/p>\n","protected":false},"author":2,"featured_media":1047,"comment_status":"open","ping_status":"open","sticky":false,"template":"","format":"standard","meta":{"_acf_changed":false,"footnotes":""},"categories":[27,12,11],"tags":[51,50],"municipio":[],"class_list":["post-1053","post","type-post","status-publish","format-standard","has-post-thumbnail","hentry","category-carrousel","category-geral","category-noticias","tag-almt","tag-mandato"],"acf":[],"_links":{"self":[{"href":"https:\/\/betodoisaum.com.br\/site\/wp-json\/wp\/v2\/posts\/1053","targetHints":{"allow":["GET"]}}],"collection":[{"href":"https:\/\/betodoisaum.com.br\/site\/wp-json\/wp\/v2\/posts"}],"about":[{"href":"https:\/\/betodoisaum.com.br\/site\/wp-json\/wp\/v2\/types\/post"}],"author":[{"embeddable":true,"href":"https:\/\/betodoisaum.com.br\/site\/wp-json\/wp\/v2\/users\/2"}],"replies":[{"embeddable":true,"href":"https:\/\/betodoisaum.com.br\/site\/wp-json\/wp\/v2\/comments?post=1053"}],"version-history":[{"count":0,"href":"https:\/\/betodoisaum.com.br\/site\/wp-json\/wp\/v2\/posts\/1053\/revisions"}],"wp:featuredmedia":[{"embeddable":true,"href":"https:\/\/betodoisaum.com.br\/site\/wp-json\/wp\/v2\/media\/1047"}],"wp:attachment":[{"href":"https:\/\/betodoisaum.com.br\/site\/wp-json\/wp\/v2\/media?parent=1053"}],"wp:term":[{"taxonomy":"category","embeddable":true,"href":"https:\/\/betodoisaum.com.br\/site\/wp-json\/wp\/v2\/categories?post=1053"},{"taxonomy":"post_tag","embeddable":true,"href":"https:\/\/betodoisaum.com.br\/site\/wp-json\/wp\/v2\/tags?post=1053"},{"taxonomy":"municipio","embeddable":true,"href":"https:\/\/betodoisaum.com.br\/site\/wp-json\/wp\/v2\/municipio?post=1053"}],"curies":[{"name":"wp","href":"https:\/\/api.w.org\/{rel}","templated":true}]}}