{"id":10609,"date":"2025-01-09T16:06:56","date_gmt":"2025-01-09T20:06:56","guid":{"rendered":"https:\/\/betodoisaum.com.br\/site\/?p=10609"},"modified":"2025-01-09T16:56:38","modified_gmt":"2025-01-09T20:56:38","slug":"beto-reafirma-trabalho-por-barra-do-garcas-e-discute-calendario-turistico-do-araguaia","status":"publish","type":"post","link":"https:\/\/betodoisaum.com.br\/site\/beto-reafirma-trabalho-por-barra-do-garcas-e-discute-calendario-turistico-do-araguaia\/","title":{"rendered":"Beto reafirma trabalho por Barra do Gar\u00e7as e discute calend\u00e1rio tur\u00edstico do Araguaia"},"content":{"rendered":"\n<p>O deputado Beto Dois a Um (PSB) esteve em Barra do Gar\u00e7as cumprindo agendas sobre a\u00e7\u00f5es para a Regi\u00e3o nesta quinta-feira (9). Na oportunidade, reafirmou seu empenho no desenvolvimento da cidade e na continuidade dos projetos de crescimento do Araguaia em \u00e1reas como o turismo. A visita tamb\u00e9m marcou o fortalecimento da parceria do parlamentar com o prefeito Dr. Adilson (Uni\u00e3o) e a C\u00e2mara Municipal, presidida pelo vereador Alex Matos.<\/p>\n\n\n\n<p>&#8220;Estive em Barra do Gar\u00e7as para mais um importante encontro com a popula\u00e7\u00e3o e reafirmar meu compromisso com a regi\u00e3o. Tenho muito orgulho de, ao lado do prefeito Dr. Adilson e da C\u00e2mara Municipal, continuar trabalhando para trazer mais investimentos e melhorias para nossa cidade&#8221;, afirmou o deputado.<\/p>\n\n\n\n<p>Beto Dois a Um destacou ainda a import\u00e2ncia da uni\u00e3o entre Executivo e Legislativo para os avan\u00e7os da cidade. &#8220;Nesse segundo mandato do Dr. Adilson, tenho certeza que n\u00e3o faltar\u00e1 empenho dele e do Legislativo por Barra do Gar\u00e7as e, da minha parte, garanto que o empenho ser\u00e1 enorme. Contem comigo na Assembleia Legislativa para colocar em pr\u00e1tica as a\u00e7\u00f5es que Barra precisa&#8221;, completou o deputado.<\/p>\n\n\n\n<p><strong>Calend\u00e1rio tur\u00edstico unificado<\/strong><\/p>\n\n\n\n<p>Durante a visita, o deputado participou de um encontro importante para o fortalecimento do turismo na regi\u00e3o do Araguaia com o prefeito Dr. Adilson de Barra do Gar\u00e7as, o prefeito de Pontal do Araguaia, Adelcino Lopo, e o prefeito de Aragar\u00e7as (GO), Ricardo Galv\u00e3o. O encontro teve como pauta central a cria\u00e7\u00e3o de um calend\u00e1rio unificado de eventos culturais e tur\u00edsticos, com o objetivo de atrair mais visitantes e promover a riqueza cultural e natural da regi\u00e3o.<\/p>\n\n\n\n<p>&#8220;O turismo regional \u00e9 um dos pilares para o crescimento local e a gera\u00e7\u00e3o de emprego e renda. Acredito que, com a uni\u00e3o dos prefeitos e o apoio do nosso trabalho na Assembleia, podemos fazer da regi\u00e3o do Araguaia um dos destinos tur\u00edsticos mais procurados do Brasil&#8221;, explicou Beto Dois a Um.<\/p>\n\n\n\n<p>O prefeito Dr. Adilson destacou a import\u00e2ncia do apoio do deputado e da parceria com os outros prefeitos. &#8220;O deputado Beto Dois a Um tem sido um grande aliado de Barra do Gar\u00e7as. Com sua ajuda, vamos continuar investindo no que \u00e9 mais importante para a popula\u00e7\u00e3o, al\u00e9m de impulsionar o turismo e fortalecer nossa economia. A uni\u00e3o de todos \u00e9 fundamental para o progresso&#8221;, afirmou.<\/p>\n\n\n\n<p>O presidente da C\u00e2mara Municipal de Barra do Gar\u00e7as, Alex Matos, tamb\u00e9m refor\u00e7ou a import\u00e2ncia da colabora\u00e7\u00e3o entre os poderes para o crescimento da cidade. &#8220;Estamos todos juntos em busca de solu\u00e7\u00f5es que atendam \u00e0s necessidades da popula\u00e7\u00e3o. O apoio do deputado Beto Dois a Um e a parceria com o prefeito Dr. Adilson t\u00eam sido essenciais para o nosso trabalho&#8221;, disse Alex.<\/p>\n\n\n\n<p>Com esses importantes avan\u00e7os, a parceria entre o deputado Beto Dois a Um, o prefeito Dr. Adilson e a C\u00e2mara Municipal de Barra do Gar\u00e7as se fortalece ainda mais. Al\u00e9m disso, a iniciativa de um calend\u00e1rio unificado de eventos tur\u00edsticos promete ser um marco para o crescimento econ\u00f4mico e cultural da regi\u00e3o, consolidando Barra do Gar\u00e7as e o Araguaia como um polo de turismo sustent\u00e1vel e de impacto social positivo.<\/p>\n\n\n\n<figure class=\"wp-block-gallery has-nested-images columns-default is-cropped wp-block-gallery-1 is-layout-flex wp-block-gallery-is-layout-flex\">\n<figure class=\"wp-block-image size-large\"><a href=\"https:\/\/betodoisaum.com.br\/site\/wp-content\/uploads\/2025\/01\/IMG_1510-scaled.jpg\" rel=\"lightbox[10609]\"><img fetchpriority=\"high\" decoding=\"async\" width=\"1024\" height=\"768\" data-id=\"10616\" src=\"https:\/\/betodoisaum.com.br\/site\/wp-content\/uploads\/2025\/01\/IMG_1510-1024x768.jpg\" alt=\"\" class=\"wp-image-10616\" srcset=\"https:\/\/betodoisaum.com.br\/site\/wp-content\/uploads\/2025\/01\/IMG_1510-1024x768.jpg 1024w, https:\/\/betodoisaum.com.br\/site\/wp-content\/uploads\/2025\/01\/IMG_1510-300x225.jpg 300w, https:\/\/betodoisaum.com.br\/site\/wp-content\/uploads\/2025\/01\/IMG_1510-768x576.jpg 768w, https:\/\/betodoisaum.com.br\/site\/wp-content\/uploads\/2025\/01\/IMG_1510-1536x1152.jpg 1536w, https:\/\/betodoisaum.com.br\/site\/wp-content\/uploads\/2025\/01\/IMG_1510-2048x1536.jpg 2048w\" sizes=\"(max-width: 1024px) 100vw, 1024px\" \/><\/a><figcaption class=\"wp-element-caption\">Foto: Rafael Rosa \/ Assessoria<\/figcaption><\/figure>\n\n\n\n<figure class=\"wp-block-image size-large\"><a href=\"https:\/\/betodoisaum.com.br\/site\/wp-content\/uploads\/2025\/01\/IMG_1512-scaled.jpg\" rel=\"lightbox[10609]\"><img decoding=\"async\" width=\"1024\" height=\"768\" data-id=\"10617\" src=\"https:\/\/betodoisaum.com.br\/site\/wp-content\/uploads\/2025\/01\/IMG_1512-1024x768.jpg\" alt=\"\" class=\"wp-image-10617\" srcset=\"https:\/\/betodoisaum.com.br\/site\/wp-content\/uploads\/2025\/01\/IMG_1512-1024x768.jpg 1024w, https:\/\/betodoisaum.com.br\/site\/wp-content\/uploads\/2025\/01\/IMG_1512-300x225.jpg 300w, https:\/\/betodoisaum.com.br\/site\/wp-content\/uploads\/2025\/01\/IMG_1512-768x576.jpg 768w, https:\/\/betodoisaum.com.br\/site\/wp-content\/uploads\/2025\/01\/IMG_1512-1536x1152.jpg 1536w, https:\/\/betodoisaum.com.br\/site\/wp-content\/uploads\/2025\/01\/IMG_1512-2048x1536.jpg 2048w\" sizes=\"(max-width: 1024px) 100vw, 1024px\" \/><\/a><figcaption class=\"wp-element-caption\">Foto: Rafael Rosa \/ Assessoria<\/figcaption><\/figure>\n\n\n\n<figure class=\"wp-block-image size-large\"><a href=\"https:\/\/betodoisaum.com.br\/site\/wp-content\/uploads\/2025\/01\/IMG_1521-scaled.jpg\" rel=\"lightbox[10609]\"><img decoding=\"async\" width=\"1024\" height=\"768\" data-id=\"10618\" src=\"https:\/\/betodoisaum.com.br\/site\/wp-content\/uploads\/2025\/01\/IMG_1521-1024x768.jpg\" alt=\"\" class=\"wp-image-10618\" srcset=\"https:\/\/betodoisaum.com.br\/site\/wp-content\/uploads\/2025\/01\/IMG_1521-1024x768.jpg 1024w, https:\/\/betodoisaum.com.br\/site\/wp-content\/uploads\/2025\/01\/IMG_1521-300x225.jpg 300w, https:\/\/betodoisaum.com.br\/site\/wp-content\/uploads\/2025\/01\/IMG_1521-768x576.jpg 768w, https:\/\/betodoisaum.com.br\/site\/wp-content\/uploads\/2025\/01\/IMG_1521-1536x1152.jpg 1536w, https:\/\/betodoisaum.com.br\/site\/wp-content\/uploads\/2025\/01\/IMG_1521-2048x1536.jpg 2048w\" sizes=\"(max-width: 1024px) 100vw, 1024px\" \/><\/a><figcaption class=\"wp-element-caption\">Foto: Rafael Rosa \/ Assessoria<\/figcaption><\/figure>\n\n\n\n<figure class=\"wp-block-image size-large\"><a href=\"https:\/\/betodoisaum.com.br\/site\/wp-content\/uploads\/2025\/01\/IMG_1526-scaled.jpg\" rel=\"lightbox[10609]\"><img decoding=\"async\" data-id=\"10619\" src=\"https:\/\/betodoisaum.com.br\/site\/wp-content\/uploads\/2025\/01\/IMG_1526-768x1024.jpg\" alt=\"\" class=\"wp-image-10619\"\/><\/a><figcaption class=\"wp-element-caption\">Foto: Rafael Rosa \/ Assessoria<\/figcaption><\/figure>\n\n\n\n<figure class=\"wp-block-image size-large\"><a href=\"https:\/\/betodoisaum.com.br\/site\/wp-content\/uploads\/2025\/01\/IMG_1528-scaled.jpg\" rel=\"lightbox[10609]\"><img decoding=\"async\" data-id=\"10620\" src=\"https:\/\/betodoisaum.com.br\/site\/wp-content\/uploads\/2025\/01\/IMG_1528-768x1024.jpg\" alt=\"\" class=\"wp-image-10620\"\/><\/a><figcaption class=\"wp-element-caption\">Foto: Rafael Rosa \/ Assessoria<\/figcaption><\/figure>\n\n\n\n<figure class=\"wp-block-image size-large\"><a href=\"https:\/\/betodoisaum.com.br\/site\/wp-content\/uploads\/2025\/01\/IMG_1434-scaled.jpg\" rel=\"lightbox[10609]\"><img loading=\"lazy\" decoding=\"async\" width=\"1024\" height=\"768\" data-id=\"10621\" src=\"https:\/\/betodoisaum.com.br\/site\/wp-content\/uploads\/2025\/01\/IMG_1434-1024x768.jpg\" alt=\"\" class=\"wp-image-10621\" srcset=\"https:\/\/betodoisaum.com.br\/site\/wp-content\/uploads\/2025\/01\/IMG_1434-1024x768.jpg 1024w, https:\/\/betodoisaum.com.br\/site\/wp-content\/uploads\/2025\/01\/IMG_1434-300x225.jpg 300w, https:\/\/betodoisaum.com.br\/site\/wp-content\/uploads\/2025\/01\/IMG_1434-768x576.jpg 768w, https:\/\/betodoisaum.com.br\/site\/wp-content\/uploads\/2025\/01\/IMG_1434-1536x1152.jpg 1536w, https:\/\/betodoisaum.com.br\/site\/wp-content\/uploads\/2025\/01\/IMG_1434-2048x1536.jpg 2048w\" sizes=\"(max-width: 1024px) 100vw, 1024px\" \/><\/a><figcaption class=\"wp-element-caption\">Foto: Rafael Rosa \/ AssessoriaFoto: Rafael Rosa \/ Assessoria<\/figcaption><\/figure>\n\n\n\n<figure class=\"wp-block-image size-large\"><a href=\"https:\/\/betodoisaum.com.br\/site\/wp-content\/uploads\/2025\/01\/IMG_1445-scaled.jpg\" rel=\"lightbox[10609]\"><img loading=\"lazy\" decoding=\"async\" width=\"1024\" height=\"768\" data-id=\"10622\" src=\"https:\/\/betodoisaum.com.br\/site\/wp-content\/uploads\/2025\/01\/IMG_1445-1024x768.jpg\" alt=\"\" class=\"wp-image-10622\" srcset=\"https:\/\/betodoisaum.com.br\/site\/wp-content\/uploads\/2025\/01\/IMG_1445-1024x768.jpg 1024w, https:\/\/betodoisaum.com.br\/site\/wp-content\/uploads\/2025\/01\/IMG_1445-300x225.jpg 300w, https:\/\/betodoisaum.com.br\/site\/wp-content\/uploads\/2025\/01\/IMG_1445-768x576.jpg 768w, https:\/\/betodoisaum.com.br\/site\/wp-content\/uploads\/2025\/01\/IMG_1445-1536x1152.jpg 1536w, https:\/\/betodoisaum.com.br\/site\/wp-content\/uploads\/2025\/01\/IMG_1445-2048x1536.jpg 2048w\" sizes=\"(max-width: 1024px) 100vw, 1024px\" \/><\/a><figcaption class=\"wp-element-caption\">Foto: Rafael Rosa \/ Assessoria<\/figcaption><\/figure>\n\n\n\n<figure class=\"wp-block-image size-large\"><a href=\"https:\/\/betodoisaum.com.br\/site\/wp-content\/uploads\/2025\/01\/IMG_1457-scaled.jpg\" rel=\"lightbox[10609]\"><img loading=\"lazy\" decoding=\"async\" width=\"1024\" height=\"768\" data-id=\"10623\" src=\"https:\/\/betodoisaum.com.br\/site\/wp-content\/uploads\/2025\/01\/IMG_1457-1024x768.jpg\" alt=\"\" class=\"wp-image-10623\" srcset=\"https:\/\/betodoisaum.com.br\/site\/wp-content\/uploads\/2025\/01\/IMG_1457-1024x768.jpg 1024w, https:\/\/betodoisaum.com.br\/site\/wp-content\/uploads\/2025\/01\/IMG_1457-300x225.jpg 300w, https:\/\/betodoisaum.com.br\/site\/wp-content\/uploads\/2025\/01\/IMG_1457-768x576.jpg 768w, https:\/\/betodoisaum.com.br\/site\/wp-content\/uploads\/2025\/01\/IMG_1457-1536x1152.jpg 1536w, https:\/\/betodoisaum.com.br\/site\/wp-content\/uploads\/2025\/01\/IMG_1457-2048x1536.jpg 2048w\" sizes=\"(max-width: 1024px) 100vw, 1024px\" \/><\/a><figcaption class=\"wp-element-caption\">Foto: Rafael Rosa \/ Assessoria<\/figcaption><\/figure>\n<\/figure>\n","protected":false},"excerpt":{"rendered":"<p>O deputado destacou parceria e apoio ao segundo mandado de Dr. Adilson e \u00e0 C\u00e2mara. Tamb\u00e9m participou de discuss\u00e3o sobre calend\u00e1rio unificado de eventos culturais e tur\u00edsticos.<\/p>\n","protected":false},"author":9,"featured_media":10619,"comment_status":"open","ping_status":"open","sticky":false,"template":"","format":"standard","meta":{"_acf_changed":false,"footnotes":""},"categories":[27,11],"tags":[],"municipio":[],"class_list":["post-10609","post","type-post","status-publish","format-standard","has-post-thumbnail","hentry","category-carrousel","category-noticias"],"acf":[],"_links":{"self":[{"href":"https:\/\/betodoisaum.com.br\/site\/wp-json\/wp\/v2\/posts\/10609","targetHints":{"allow":["GET"]}}],"collection":[{"href":"https:\/\/betodoisaum.com.br\/site\/wp-json\/wp\/v2\/posts"}],"about":[{"href":"https:\/\/betodoisaum.com.br\/site\/wp-json\/wp\/v2\/types\/post"}],"author":[{"embeddable":true,"href":"https:\/\/betodoisaum.com.br\/site\/wp-json\/wp\/v2\/users\/9"}],"replies":[{"embeddable":true,"href":"https:\/\/betodoisaum.com.br\/site\/wp-json\/wp\/v2\/comments?post=10609"}],"version-history":[{"count":4,"href":"https:\/\/betodoisaum.com.br\/site\/wp-json\/wp\/v2\/posts\/10609\/revisions"}],"predecessor-version":[{"id":10625,"href":"https:\/\/betodoisaum.com.br\/site\/wp-json\/wp\/v2\/posts\/10609\/revisions\/10625"}],"wp:featuredmedia":[{"embeddable":true,"href":"https:\/\/betodoisaum.com.br\/site\/wp-json\/wp\/v2\/media\/10619"}],"wp:attachment":[{"href":"https:\/\/betodoisaum.com.br\/site\/wp-json\/wp\/v2\/media?parent=10609"}],"wp:term":[{"taxonomy":"category","embeddable":true,"href":"https:\/\/betodoisaum.com.br\/site\/wp-json\/wp\/v2\/categories?post=10609"},{"taxonomy":"post_tag","embeddable":true,"href":"https:\/\/betodoisaum.com.br\/site\/wp-json\/wp\/v2\/tags?post=10609"},{"taxonomy":"municipio","embeddable":true,"href":"https:\/\/betodoisaum.com.br\/site\/wp-json\/wp\/v2\/municipio?post=10609"}],"curies":[{"name":"wp","href":"https:\/\/api.w.org\/{rel}","templated":true}]}}