{"id":10657,"date":"2025-02-05T15:21:19","date_gmt":"2025-02-05T19:21:19","guid":{"rendered":"https:\/\/betodoisaum.com.br\/site\/?p=10657"},"modified":"2025-02-05T15:21:21","modified_gmt":"2025-02-05T19:21:21","slug":"beto-e-parceiro-de-caceres-e-acoes-impulsionam-crescimento-na-regiao-oeste","status":"publish","type":"post","link":"https:\/\/betodoisaum.com.br\/site\/beto-e-parceiro-de-caceres-e-acoes-impulsionam-crescimento-na-regiao-oeste\/","title":{"rendered":"Beto \u00e9 parceiro de C\u00e1ceres e a\u00e7\u00f5es impulsionam crescimento na Regi\u00e3o Oeste"},"content":{"rendered":"\n<p><\/p>\n\n\n\n<p>Nos \u00faltimos meses de seu mandato como deputado estadual, Beto Dois a Um tem se destacado por suas a\u00e7\u00f5es e contribui\u00e7\u00f5es em diversas \u00e1reas essenciais para o desenvolvimento de C\u00e1ceres. Embora seja conhecido pela forte atua\u00e7\u00e3o nas \u00e1reas da Cultura e no Esporte, o parlamentar tem sido um defensor ativo de quest\u00f5es que impactam diretamente a vida dos cidad\u00e3os, como agricultura familiar, sa\u00fade, educa\u00e7\u00e3o e infraestrutura.<\/p>\n\n\n\n<p>Com um trabalho reconhecido pela prefeita Eliene Liberato e pelos vereadores, Beto tem mostrado sua for\u00e7a como articulador junto ao governo do estado, buscando solu\u00e7\u00f5es e recursos para os desafios enfrentados pelo munic\u00edpio. A prefeita Eliene, em diversas oportunidades, destaca a excelente interlocu\u00e7\u00e3o de Beto com o governador Mauro Mendes, o que tem se refletido em uma s\u00e9rie de avan\u00e7os para C\u00e1ceres, como a destina\u00e7\u00e3o de emendas para eventos e a realiza\u00e7\u00e3o de importantes investimentos em diversas \u00e1reas.<\/p>\n\n\n\n<p>Uma das grandes preocupa\u00e7\u00f5es do deputado tem sido o fortalecimento da agricultura familiar. &nbsp;Nesse sentido, Beto Dois a Um destinou emendas para a aquisi\u00e7\u00e3o de tr\u00eas kits completos para os agricultores da regi\u00e3o. Cada kit \u00e9 composto por equipamentos essenciais, como ro\u00e7adeiras, motocultivadores, adubadeiras costais e perfuradores de solo, fundamentais para aumentar a produtividade e melhorar as condi\u00e7\u00f5es de trabalho dos pequenos produtores locais.<\/p>\n\n\n\n<p>Nos campos da cultura e do esporte, Beto tem sido um grande incentivador, com a destina\u00e7\u00e3o de recursos para diversos eventos que enriquecem a vida cultural e esportiva de C\u00e1ceres. Entre os eventos apoiados est\u00e3o o 1\u00b0 Encontro Sertanejo de Comitivas e Cowboys de C\u00e1ceres, que trouxe \u00e0 cidade uma grande movimenta\u00e7\u00e3o cultural e de turismo, e a Feira de Artes C\u00e1ceres, que promoveu a valoriza\u00e7\u00e3o do artesanato local e das tradi\u00e7\u00f5es da regi\u00e3o.<\/p>\n\n\n\n<p>A Mulher Rural C\u00e1ceres, um evento voltado para a valoriza\u00e7\u00e3o da mulher do campo, tamb\u00e9m contou com o apoio direto do deputado, que acredita na for\u00e7a da mulher como pilar do desenvolvimento local. No esporte, o 1\u00ba Torneio 24 Horas de Futebol Society de C\u00e1ceres e o 2\u00ba Circuito de Futebol Society foram grandes sucessos, reunindo atletas e a comunidade em competi\u00e7\u00f5es que geraram lazer, integra\u00e7\u00e3o e incentivo \u00e0 pr\u00e1tica esportiva.<\/p>\n\n\n\n<p><strong>Parceria com o Governo do Estado<\/strong><\/p>\n\n\n\n<p>Al\u00e9m de sua atua\u00e7\u00e3o nas \u00e1reas culturais e esportivas, Beto Dois a Um tem se mostrado um parlamentar presente e empenhando em superar os desafios enfrentados pela cidade de C\u00e1ceres em outras \u00e1reas. Sua proximidade com o Governo do Estado, do qual \u00e9 vice-l\u00edder na Assembleia Legislativa, tem sido essencial para a implementa\u00e7\u00e3o de solu\u00e7\u00f5es para a cidade, especialmente em momentos de necessidade de investimentos em infraestrutura, sa\u00fade e educa\u00e7\u00e3o.<\/p>\n\n\n\n<p><\/p>\n","protected":false},"excerpt":{"rendered":"<p>Nos \u00faltimos meses de seu mandato como deputado estadual, Beto Dois a Um tem se destacado por suas a\u00e7\u00f5es e contribui\u00e7\u00f5es em diversas \u00e1reas essenciais para o desenvolvimento de C\u00e1ceres. Embora seja conhecido pela forte atua\u00e7\u00e3o nas \u00e1reas da Cultura e no Esporte, o parlamentar tem sido um defensor ativo de quest\u00f5es que impactam diretamente [&hellip;]<\/p>\n","protected":false},"author":9,"featured_media":1019,"comment_status":"open","ping_status":"open","sticky":false,"template":"","format":"standard","meta":{"_acf_changed":false,"footnotes":""},"categories":[1],"tags":[],"municipio":[],"class_list":["post-10657","post","type-post","status-publish","format-standard","has-post-thumbnail","hentry","category-sem-categoria"],"acf":[],"_links":{"self":[{"href":"https:\/\/betodoisaum.com.br\/site\/wp-json\/wp\/v2\/posts\/10657","targetHints":{"allow":["GET"]}}],"collection":[{"href":"https:\/\/betodoisaum.com.br\/site\/wp-json\/wp\/v2\/posts"}],"about":[{"href":"https:\/\/betodoisaum.com.br\/site\/wp-json\/wp\/v2\/types\/post"}],"author":[{"embeddable":true,"href":"https:\/\/betodoisaum.com.br\/site\/wp-json\/wp\/v2\/users\/9"}],"replies":[{"embeddable":true,"href":"https:\/\/betodoisaum.com.br\/site\/wp-json\/wp\/v2\/comments?post=10657"}],"version-history":[{"count":1,"href":"https:\/\/betodoisaum.com.br\/site\/wp-json\/wp\/v2\/posts\/10657\/revisions"}],"predecessor-version":[{"id":10658,"href":"https:\/\/betodoisaum.com.br\/site\/wp-json\/wp\/v2\/posts\/10657\/revisions\/10658"}],"wp:featuredmedia":[{"embeddable":true,"href":"https:\/\/betodoisaum.com.br\/site\/wp-json\/wp\/v2\/media\/1019"}],"wp:attachment":[{"href":"https:\/\/betodoisaum.com.br\/site\/wp-json\/wp\/v2\/media?parent=10657"}],"wp:term":[{"taxonomy":"category","embeddable":true,"href":"https:\/\/betodoisaum.com.br\/site\/wp-json\/wp\/v2\/categories?post=10657"},{"taxonomy":"post_tag","embeddable":true,"href":"https:\/\/betodoisaum.com.br\/site\/wp-json\/wp\/v2\/tags?post=10657"},{"taxonomy":"municipio","embeddable":true,"href":"https:\/\/betodoisaum.com.br\/site\/wp-json\/wp\/v2\/municipio?post=10657"}],"curies":[{"name":"wp","href":"https:\/\/api.w.org\/{rel}","templated":true}]}}