{"id":10666,"date":"2025-02-05T16:27:07","date_gmt":"2025-02-05T20:27:07","guid":{"rendered":"https:\/\/betodoisaum.com.br\/site\/?p=10666"},"modified":"2025-02-05T16:27:07","modified_gmt":"2025-02-05T20:27:07","slug":"reserva-do-cabacal-conta-com-acoes-de-beto-dois-a-um","status":"publish","type":"post","link":"https:\/\/betodoisaum.com.br\/site\/reserva-do-cabacal-conta-com-acoes-de-beto-dois-a-um\/","title":{"rendered":"Reserva do Caba\u00e7al conta com a\u00e7\u00f5es de Beto Dois a Um"},"content":{"rendered":"\n<p>O deputado estadual Beto Dois a Um faz quest\u00e3o de demonstrar seu compromisso em promover o desenvolvimento de Reserva do Caba\u00e7al, com foco em \u00e1reas como a Cultura, o Esporte e a infraestrutura. Com uma atua\u00e7\u00e3o estrat\u00e9gica e uma rela\u00e7\u00e3o estreita com o governo estadual, Beto n\u00e3o mede esfor\u00e7os para buscar solu\u00e7\u00f5es que atendam \u00e0s necessidades da cidade e tragam benef\u00edcios duradouros para sua popula\u00e7\u00e3o.<\/p>\n\n\n\n<p>Sua boa interlocu\u00e7\u00e3o com o governador Mauro Mendes e sua posi\u00e7\u00e3o de vice-l\u00edder do governo t\u00eam sido fundamentais para garantir que as demandas de Reserva do Caba\u00e7al sejam atendidas com agilidade e efetividade, fazendo do deputado um grande aliado do munic\u00edpio na busca por melhorias.<\/p>\n\n\n\n<p>A <strong>2\u00aa Festa do Pe\u00e3o de Rodeio &#8220;Resgatando Tradi\u00e7\u00f5es&#8221;<\/strong> foi um dos principais eventos apoiados por Beto Dois a Um. O deputado destinou recursos para a realiza\u00e7\u00e3o dessa festa, que se tornou um marco cultural e social de Reserva do Caba\u00e7al. O evento tem sido fundamental para preservar as tradi\u00e7\u00f5es locais, reunir a comunidade e promover a cultura do munic\u00edpio, al\u00e9m de atrair turistas e fomentar a economia local. A festa se tornou um importante ponto de encontro para as fam\u00edlias e uma oportunidade para celebrar as ra\u00edzes do munic\u00edpio.<\/p>\n\n\n\n<p>Beto Dois a Um tamb\u00e9m tem investido em a\u00e7\u00f5es que incentivam o esporte e a pr\u00e1tica de atividades f\u00edsicas em Reserva do Caba\u00e7al. O <strong>Projeto Movimentar<\/strong>, uma iniciativa voltada para o incentivo \u00e0 pr\u00e1tica esportiva na cidade, recebeu apoio do deputado, ajudando a criar um ambiente mais saud\u00e1vel e estimulando a participa\u00e7\u00e3o da comunidade em diversas modalidades esportivas.<\/p>\n\n\n\n<p>Al\u00e9m disso, o <strong>Pratique Esporte<\/strong>, que visa oferecer oportunidades para a pr\u00e1tica esportiva em diferentes faixas et\u00e1rias, tamb\u00e9m recebeu apoio de Beto. O deputado destinou recursos para a compra de <strong>kits esportivos<\/strong>, proporcionando aos jovens e adultos da cidade os materiais necess\u00e1rios para a pr\u00e1tica de esportes de maneira segura e estruturada.<\/p>\n\n\n\n<p><\/p>\n","protected":false},"excerpt":{"rendered":"<p>O deputado estadual Beto Dois a Um faz quest\u00e3o de demonstrar seu compromisso em promover o desenvolvimento de Reserva do Caba\u00e7al, com foco em \u00e1reas como a Cultura, o Esporte e a infraestrutura. Com uma atua\u00e7\u00e3o estrat\u00e9gica e uma rela\u00e7\u00e3o estreita com o governo estadual, Beto n\u00e3o mede esfor\u00e7os para buscar solu\u00e7\u00f5es que atendam \u00e0s [&hellip;]<\/p>\n","protected":false},"author":9,"featured_media":8498,"comment_status":"open","ping_status":"open","sticky":false,"template":"","format":"standard","meta":{"_acf_changed":false,"footnotes":""},"categories":[1],"tags":[],"municipio":[],"class_list":["post-10666","post","type-post","status-publish","format-standard","has-post-thumbnail","hentry","category-sem-categoria"],"acf":[],"_links":{"self":[{"href":"https:\/\/betodoisaum.com.br\/site\/wp-json\/wp\/v2\/posts\/10666","targetHints":{"allow":["GET"]}}],"collection":[{"href":"https:\/\/betodoisaum.com.br\/site\/wp-json\/wp\/v2\/posts"}],"about":[{"href":"https:\/\/betodoisaum.com.br\/site\/wp-json\/wp\/v2\/types\/post"}],"author":[{"embeddable":true,"href":"https:\/\/betodoisaum.com.br\/site\/wp-json\/wp\/v2\/users\/9"}],"replies":[{"embeddable":true,"href":"https:\/\/betodoisaum.com.br\/site\/wp-json\/wp\/v2\/comments?post=10666"}],"version-history":[{"count":1,"href":"https:\/\/betodoisaum.com.br\/site\/wp-json\/wp\/v2\/posts\/10666\/revisions"}],"predecessor-version":[{"id":10667,"href":"https:\/\/betodoisaum.com.br\/site\/wp-json\/wp\/v2\/posts\/10666\/revisions\/10667"}],"wp:featuredmedia":[{"embeddable":true,"href":"https:\/\/betodoisaum.com.br\/site\/wp-json\/wp\/v2\/media\/8498"}],"wp:attachment":[{"href":"https:\/\/betodoisaum.com.br\/site\/wp-json\/wp\/v2\/media?parent=10666"}],"wp:term":[{"taxonomy":"category","embeddable":true,"href":"https:\/\/betodoisaum.com.br\/site\/wp-json\/wp\/v2\/categories?post=10666"},{"taxonomy":"post_tag","embeddable":true,"href":"https:\/\/betodoisaum.com.br\/site\/wp-json\/wp\/v2\/tags?post=10666"},{"taxonomy":"municipio","embeddable":true,"href":"https:\/\/betodoisaum.com.br\/site\/wp-json\/wp\/v2\/municipio?post=10666"}],"curies":[{"name":"wp","href":"https:\/\/api.w.org\/{rel}","templated":true}]}}