{"id":10674,"date":"2025-02-05T16:51:32","date_gmt":"2025-02-05T20:51:32","guid":{"rendered":"https:\/\/betodoisaum.com.br\/site\/?p=10674"},"modified":"2025-02-05T16:51:32","modified_gmt":"2025-02-05T20:51:32","slug":"beto-dois-a-um-busca-garante-11-motocicletas-para-a-saude-de-vale-de-sao-domingos","status":"publish","type":"post","link":"https:\/\/betodoisaum.com.br\/site\/beto-dois-a-um-busca-garante-11-motocicletas-para-a-saude-de-vale-de-sao-domingos\/","title":{"rendered":"Beto Dois a Um busca garante 11 motocicletas para a Sa\u00fade de Vale de S\u00e3o Domingos"},"content":{"rendered":"\n<p>O deputado estadual <strong>Beto Dois a Um<\/strong>, vice-l\u00edder do governo, tem se destacado pela dedica\u00e7\u00e3o e compromisso com o desenvolvimento de <strong>Vale de S\u00e3o Domingos<\/strong>. Com sua atua\u00e7\u00e3o Beto tem buscado incansavelmente solu\u00e7\u00f5es para as demandas da cidade, com um olhar especial para a \u00e1rea de sa\u00fade, educa\u00e7\u00e3o, infraestrutura, cultura, esporte.<\/p>\n\n\n\n<p>Uma das a\u00e7\u00f5es mais importantes que o deputado destinou ao munic\u00edpio foi a <strong>aquisi\u00e7\u00e3o de 11 motocicletas<\/strong> para atender as necessidades da <strong>Secretaria Municipal de Sa\u00fade<\/strong>. Essas motocicletas ser\u00e3o utilizadas para otimizar o atendimento de sa\u00fade, especialmente no transporte de profissionais, materiais m\u00e9dicos e medicamentos, al\u00e9m de facilitar a realiza\u00e7\u00e3o de atendimentos domiciliares.<\/p>\n\n\n\n<p>Essa a\u00e7\u00e3o ir\u00e1 garantir que a popula\u00e7\u00e3o de <strong>Vale de S\u00e3o Domingos<\/strong> tenha acesso mais r\u00e1pido e eficiente aos servi\u00e7os de sa\u00fade, especialmente nas \u00e1reas mais distantes do munic\u00edpio, onde o transporte pode ser um desafio. O investimento em motocicletas vai permitir que as equipes de sa\u00fade possam se deslocar com agilidade, oferecendo cuidados m\u00e9dicos essenciais a quem precisa, com mais rapidez e qualidade.<\/p>\n\n\n\n<p>A boa rela\u00e7\u00e3o de <strong>Beto Dois a Um<\/strong> com o Governo do Estado e sua atua\u00e7\u00e3o como vice-l\u00edder tem sido fundamental para garantir que <strong>Vale de S\u00e3o Domingos<\/strong> receba os recursos necess\u00e1rios para solucionar problemas e melhorar os servi\u00e7os \u00e0 popula\u00e7\u00e3o. O deputado tem se mostrado sempre dispon\u00edvel para apoiar os munic\u00edpios, buscando, com empenho, os recursos que atendem \u00e0s necessidades reais das cidades.<\/p>\n","protected":false},"excerpt":{"rendered":"<p>O deputado estadual Beto Dois a Um, vice-l\u00edder do governo, tem se destacado pela dedica\u00e7\u00e3o e compromisso com o desenvolvimento de Vale de S\u00e3o Domingos. Com sua atua\u00e7\u00e3o Beto tem buscado incansavelmente solu\u00e7\u00f5es para as demandas da cidade, com um olhar especial para a \u00e1rea de sa\u00fade, educa\u00e7\u00e3o, infraestrutura, cultura, esporte. Uma das a\u00e7\u00f5es mais [&hellip;]<\/p>\n","protected":false},"author":9,"featured_media":8425,"comment_status":"open","ping_status":"open","sticky":false,"template":"","format":"standard","meta":{"_acf_changed":false,"footnotes":""},"categories":[1],"tags":[],"municipio":[],"class_list":["post-10674","post","type-post","status-publish","format-standard","has-post-thumbnail","hentry","category-sem-categoria"],"acf":[],"_links":{"self":[{"href":"https:\/\/betodoisaum.com.br\/site\/wp-json\/wp\/v2\/posts\/10674","targetHints":{"allow":["GET"]}}],"collection":[{"href":"https:\/\/betodoisaum.com.br\/site\/wp-json\/wp\/v2\/posts"}],"about":[{"href":"https:\/\/betodoisaum.com.br\/site\/wp-json\/wp\/v2\/types\/post"}],"author":[{"embeddable":true,"href":"https:\/\/betodoisaum.com.br\/site\/wp-json\/wp\/v2\/users\/9"}],"replies":[{"embeddable":true,"href":"https:\/\/betodoisaum.com.br\/site\/wp-json\/wp\/v2\/comments?post=10674"}],"version-history":[{"count":1,"href":"https:\/\/betodoisaum.com.br\/site\/wp-json\/wp\/v2\/posts\/10674\/revisions"}],"predecessor-version":[{"id":10675,"href":"https:\/\/betodoisaum.com.br\/site\/wp-json\/wp\/v2\/posts\/10674\/revisions\/10675"}],"wp:featuredmedia":[{"embeddable":true,"href":"https:\/\/betodoisaum.com.br\/site\/wp-json\/wp\/v2\/media\/8425"}],"wp:attachment":[{"href":"https:\/\/betodoisaum.com.br\/site\/wp-json\/wp\/v2\/media?parent=10674"}],"wp:term":[{"taxonomy":"category","embeddable":true,"href":"https:\/\/betodoisaum.com.br\/site\/wp-json\/wp\/v2\/categories?post=10674"},{"taxonomy":"post_tag","embeddable":true,"href":"https:\/\/betodoisaum.com.br\/site\/wp-json\/wp\/v2\/tags?post=10674"},{"taxonomy":"municipio","embeddable":true,"href":"https:\/\/betodoisaum.com.br\/site\/wp-json\/wp\/v2\/municipio?post=10674"}],"curies":[{"name":"wp","href":"https:\/\/api.w.org\/{rel}","templated":true}]}}