{"id":10676,"date":"2025-02-05T16:59:16","date_gmt":"2025-02-05T20:59:16","guid":{"rendered":"https:\/\/betodoisaum.com.br\/site\/?p=10676"},"modified":"2025-02-05T16:59:17","modified_gmt":"2025-02-05T20:59:17","slug":"beto-dois-a-um-fortalece-parceria-com-pontes-e-lacerda-e-garante-avancos-na-regiao","status":"publish","type":"post","link":"https:\/\/betodoisaum.com.br\/site\/beto-dois-a-um-fortalece-parceria-com-pontes-e-lacerda-e-garante-avancos-na-regiao\/","title":{"rendered":"Beto Dois a Um fortalece parceria com Pontes e Lacerda e garante avan\u00e7os na Regi\u00e3o"},"content":{"rendered":"\n<p><\/p>\n\n\n\n<p>O deputado estadual <strong>Beto Dois a Um<\/strong> tem demonstrado um compromisso cont\u00ednuo com o munic\u00edpio de <strong>Pontes e Lacerda<\/strong>, especialmente no apoio \u00e0s iniciativas esportivas que promovem a integra\u00e7\u00e3o e o desenvolvimento da juventude local. Como vice-l\u00edder do governo, Beto tem atuado com empenho para garantir os recursos necess\u00e1rios \u00e0s cidades, buscando sempre solu\u00e7\u00f5es para as demandas de sua popula\u00e7\u00e3o.<\/p>\n\n\n\n<p>Um dos maiores exemplos de sua atua\u00e7\u00e3o em <strong>Pontes e Lacerda<\/strong> foi o apoio \u00e0 realiza\u00e7\u00e3o da <strong>Copa Vale do Guapor\u00e9 de Futsal<\/strong>, um evento de grande import\u00e2ncia para a cidade. O deputado tem se empenhado para assegurar que a popula\u00e7\u00e3o tenha acesso a eventos esportivos que n\u00e3o s\u00f3 promovem a sa\u00fade e o bem-estar, mas tamb\u00e9m proporcionam momentos de lazer e uni\u00e3o entre as fam\u00edlias e os jovens. A Copa de Futsal, com sua grande participa\u00e7\u00e3o e envolvimento da comunidade, \u00e9 uma verdadeira celebra\u00e7\u00e3o do esporte e das tradi\u00e7\u00f5es locais.<\/p>\n\n\n\n<p>Para <strong>Beto Dois a Um<\/strong>, o momento agora \u00e9 de consolidar as parcerias e planejar as a\u00e7\u00f5es futuras ao lado da administra\u00e7\u00e3o municipal. Ele tem destacado a import\u00e2ncia de fortalecer ainda mais a colabora\u00e7\u00e3o com o munic\u00edpio, para que juntos possam continuar a buscar solu\u00e7\u00f5es que atendam \u00e0s necessidades da popula\u00e7\u00e3o e melhorem a qualidade de vida em Pontes e Lacerda. Como vice-l\u00edder do governo, Beto segue sendo uma ponte direta entre o munic\u00edpio e o governo estadual, trabalhando para garantir os recursos e a implementa\u00e7\u00e3o de projetos que beneficiem todos os setores da cidade.<\/p>\n","protected":false},"excerpt":{"rendered":"<p>O deputado estadual Beto Dois a Um tem demonstrado um compromisso cont\u00ednuo com o munic\u00edpio de Pontes e Lacerda, especialmente no apoio \u00e0s iniciativas esportivas que promovem a integra\u00e7\u00e3o e o desenvolvimento da juventude local. Como vice-l\u00edder do governo, Beto tem atuado com empenho para garantir os recursos necess\u00e1rios \u00e0s cidades, buscando sempre solu\u00e7\u00f5es para [&hellip;]<\/p>\n","protected":false},"author":9,"featured_media":8425,"comment_status":"open","ping_status":"open","sticky":false,"template":"","format":"standard","meta":{"_acf_changed":false,"footnotes":""},"categories":[1],"tags":[],"municipio":[],"class_list":["post-10676","post","type-post","status-publish","format-standard","has-post-thumbnail","hentry","category-sem-categoria"],"acf":[],"_links":{"self":[{"href":"https:\/\/betodoisaum.com.br\/site\/wp-json\/wp\/v2\/posts\/10676","targetHints":{"allow":["GET"]}}],"collection":[{"href":"https:\/\/betodoisaum.com.br\/site\/wp-json\/wp\/v2\/posts"}],"about":[{"href":"https:\/\/betodoisaum.com.br\/site\/wp-json\/wp\/v2\/types\/post"}],"author":[{"embeddable":true,"href":"https:\/\/betodoisaum.com.br\/site\/wp-json\/wp\/v2\/users\/9"}],"replies":[{"embeddable":true,"href":"https:\/\/betodoisaum.com.br\/site\/wp-json\/wp\/v2\/comments?post=10676"}],"version-history":[{"count":1,"href":"https:\/\/betodoisaum.com.br\/site\/wp-json\/wp\/v2\/posts\/10676\/revisions"}],"predecessor-version":[{"id":10677,"href":"https:\/\/betodoisaum.com.br\/site\/wp-json\/wp\/v2\/posts\/10676\/revisions\/10677"}],"wp:featuredmedia":[{"embeddable":true,"href":"https:\/\/betodoisaum.com.br\/site\/wp-json\/wp\/v2\/media\/8425"}],"wp:attachment":[{"href":"https:\/\/betodoisaum.com.br\/site\/wp-json\/wp\/v2\/media?parent=10676"}],"wp:term":[{"taxonomy":"category","embeddable":true,"href":"https:\/\/betodoisaum.com.br\/site\/wp-json\/wp\/v2\/categories?post=10676"},{"taxonomy":"post_tag","embeddable":true,"href":"https:\/\/betodoisaum.com.br\/site\/wp-json\/wp\/v2\/tags?post=10676"},{"taxonomy":"municipio","embeddable":true,"href":"https:\/\/betodoisaum.com.br\/site\/wp-json\/wp\/v2\/municipio?post=10676"}],"curies":[{"name":"wp","href":"https:\/\/api.w.org\/{rel}","templated":true}]}}