{"id":1118,"date":"2023-02-16T16:10:26","date_gmt":"2023-02-16T20:10:26","guid":{"rendered":"https:\/\/betodoisaum.com.br\/site\/?p=1118"},"modified":"2023-04-13T14:00:18","modified_gmt":"2023-04-13T18:00:18","slug":"beto-dois-a-um-e-eleito-presidente-da-comissao-de-trabalho-admiracao-e-servico-publico-da-almt","status":"publish","type":"post","link":"https:\/\/betodoisaum.com.br\/site\/beto-dois-a-um-e-eleito-presidente-da-comissao-de-trabalho-admiracao-e-servico-publico-da-almt\/","title":{"rendered":"Beto Dois a Um \u00e9 eleito presidente da Comiss\u00e3o de Trabalho, Administra\u00e7\u00e3o e Servi\u00e7o P\u00fablico da ALMT"},"content":{"rendered":"\n<p>Das 14 Comiss\u00f5es T\u00e9cnicas Parlamentares, definidas pela Assembleia Legislativa de Mato Grosso nesta semana, o deputado Beto Dois a Um (PSB), vice-l\u00edder do governo, ingressou em quatro delas.<\/p>\n\n\n\n<p>O deputado estadual, que at\u00e9 pouco tempo foi secret\u00e1rio de Cultura, Esporte e Lazer no Governo Mauro Mendes, foi eleito vice-presidente da comiss\u00e3o de Educa\u00e7\u00e3o, Ci\u00eancia, Tecnologia, Cultura e Desporto. Al\u00e9m dessa, o parlamentar assume ainda o posto de presidente na comiss\u00e3o de Trabalho, Admira\u00e7\u00e3o e Servi\u00e7o P\u00fablico.<\/p>\n\n\n\n<p>\u201cAs comiss\u00f5es s\u00e3o mecanismos fundamentais para que n\u00f3s, deputados, consigamos fazer uma boa avalia\u00e7\u00e3o das propostas que chegam e que s\u00e3o encaminhadas pelo Governo. S\u00e3o importantes para que a gente d\u00ea subsidio ao plen\u00e1rio, para que se possa estabelecer um bom di\u00e1logo entre os segmentos e o poder p\u00fablico, fundamental para o bom debate, essencial para a sociedade mato-grossense\u201d, destaca Beto.&nbsp;<\/p>\n\n\n\n<p>Como membro, o parlamentar ainda responde pala Comiss\u00e3o de Ind\u00fastria, Com\u00e9rcio e Turismo; e Comiss\u00e3o de Seguran\u00e7a P\u00fablica e Comunit\u00e1ria. Como suplente, Beto Dois a Um est\u00e1 na Comiss\u00e3o de Sa\u00fade, Previd\u00eancia e Assist\u00eancia Social; Comiss\u00e3o de Meio Ambiente, Recursos H\u00eddricos e Recursos Minerais; e Comiss\u00e3o de Defesa do Consumidor e do Contribuinte.<\/p>\n\n\n\n<p>\u201cA condu\u00e7\u00e3o dos trabalhos ser\u00e1 realizada de maneira democr\u00e1tica e consciente, sempre ouvindo a todos e definindo aquilo que for melhor para a sociedade\u201d, finalizou.<\/p>\n\n\n\n<p><strong>Resumo<\/strong><\/p>\n\n\n\n<p>Educa\u00e7\u00e3o, Ci\u00eancia, Tecnologia, Cultura e Desporto<\/p>\n\n\n\n<p>Dep. Beto Dois a Um (Vice-Presidente)<\/p>\n\n\n\n<p><\/p>\n\n\n\n<p>Seguran\u00e7a P\u00fablica e Comunit\u00e1ria<\/p>\n\n\n\n<p>Dep. Beto Dois a Um&nbsp; (membro titular)<\/p>\n\n\n\n<p><\/p>\n\n\n\n<p>Trabalho, Administra\u00e7\u00e3o e Servi\u00e7o P\u00fablico<\/p>\n\n\n\n<p>Dep. Beto Dois a Um (Presidente)<\/p>\n\n\n\n<p><\/p>\n\n\n\n<p>Ind\u00fastria, Com\u00e9rcio e Turismo<\/p>\n\n\n\n<p>Dep. Beto Dois a Um (membro titular)<\/p>\n\n\n\n<p><\/p>\n\n\n\n<p><strong><em>Da Assessoria <\/em><\/strong><\/p>\n","protected":false},"excerpt":{"rendered":"<p>O deputado ainda foi eleito vice-presidente da comiss\u00e3o de Educa\u00e7\u00e3o, Ci\u00eancia, Tecnologia, Cultura e Desporto. Ao todo, beto Dois a Um assume posto em quatro comiss\u00f5es <\/p>\n","protected":false},"author":2,"featured_media":302,"comment_status":"open","ping_status":"open","sticky":false,"template":"","format":"standard","meta":{"_acf_changed":false,"footnotes":""},"categories":[27,12,11],"tags":[],"municipio":[],"class_list":["post-1118","post","type-post","status-publish","format-standard","has-post-thumbnail","hentry","category-carrousel","category-geral","category-noticias"],"acf":[],"_links":{"self":[{"href":"https:\/\/betodoisaum.com.br\/site\/wp-json\/wp\/v2\/posts\/1118","targetHints":{"allow":["GET"]}}],"collection":[{"href":"https:\/\/betodoisaum.com.br\/site\/wp-json\/wp\/v2\/posts"}],"about":[{"href":"https:\/\/betodoisaum.com.br\/site\/wp-json\/wp\/v2\/types\/post"}],"author":[{"embeddable":true,"href":"https:\/\/betodoisaum.com.br\/site\/wp-json\/wp\/v2\/users\/2"}],"replies":[{"embeddable":true,"href":"https:\/\/betodoisaum.com.br\/site\/wp-json\/wp\/v2\/comments?post=1118"}],"version-history":[{"count":0,"href":"https:\/\/betodoisaum.com.br\/site\/wp-json\/wp\/v2\/posts\/1118\/revisions"}],"wp:featuredmedia":[{"embeddable":true,"href":"https:\/\/betodoisaum.com.br\/site\/wp-json\/wp\/v2\/media\/302"}],"wp:attachment":[{"href":"https:\/\/betodoisaum.com.br\/site\/wp-json\/wp\/v2\/media?parent=1118"}],"wp:term":[{"taxonomy":"category","embeddable":true,"href":"https:\/\/betodoisaum.com.br\/site\/wp-json\/wp\/v2\/categories?post=1118"},{"taxonomy":"post_tag","embeddable":true,"href":"https:\/\/betodoisaum.com.br\/site\/wp-json\/wp\/v2\/tags?post=1118"},{"taxonomy":"municipio","embeddable":true,"href":"https:\/\/betodoisaum.com.br\/site\/wp-json\/wp\/v2\/municipio?post=1118"}],"curies":[{"name":"wp","href":"https:\/\/api.w.org\/{rel}","templated":true}]}}