{"id":11368,"date":"2025-03-10T15:06:02","date_gmt":"2025-03-10T19:06:02","guid":{"rendered":"https:\/\/betodoisaum.com.br\/site\/?p=11368"},"modified":"2025-03-10T15:16:03","modified_gmt":"2025-03-10T19:16:03","slug":"leis-de-protecao-as-mulheres-sao-reparo-historico-e-e-preciso-fazer-mais-diz-beto","status":"publish","type":"post","link":"https:\/\/betodoisaum.com.br\/site\/leis-de-protecao-as-mulheres-sao-reparo-historico-e-e-preciso-fazer-mais-diz-beto\/","title":{"rendered":"Leis de prote\u00e7\u00e3o \u00e0s mulheres s\u00e3o reparo hist\u00f3rico e \u00e9 preciso fazer mais,\u00a0diz Beto"},"content":{"rendered":"\n<p><\/p>\n\n\n\n<p>O deputado estadual Beto Dois a Um marcou presen\u00e7a em um ato significativo a convite da senadora Margareth Buzetti, que tratou do combate \u00e0 viol\u00eancia contra as mulheres. O evento, realizado no Parque Ecol\u00f3gico Municipal de Sorriso no \u00faltimo s\u00e1bado (8 de mar\u00e7o), teve ainda a coordena\u00e7\u00e3o de autoridades como a desembargadora Maria Erotides Kneip, o prefeito de Sorriso Alei Fernandes, a primeira-dama e secret\u00e1ria municipal da Mulher e da Fam\u00edlia, Mara Fernandes, al\u00e9m de outras figuras importantes do cen\u00e1rio pol\u00edtico e jur\u00eddico de Mato Grosso.<\/p>\n\n\n\n<p>A senadora \u00e9 autora do&nbsp;<em>Pacote Anti-Feminic\u00eddio, que<\/em>&nbsp;inclui a\u00e7\u00f5es para garantir mais prote\u00e7\u00e3o para as v\u00edtimas de viol\u00eancia dom\u00e9stica, melhorar a investiga\u00e7\u00e3o e a puni\u00e7\u00e3o dos agressores, e proporcionar mais recursos para as pol\u00edticas de assist\u00eancia \u00e0s mulheres em situa\u00e7\u00e3o de risco.<\/p>\n\n\n\n<p>Durante o evento, Beto Dois a Um ressaltou a import\u00e2ncia do trabalho da primeira-dama Virg\u00ednia Mendes, que tem sido uma grande defensora das a\u00e7\u00f5es voltadas ao enfrentamento da viol\u00eancia contra as mulheres.&nbsp;<\/p>\n\n\n\n<p>O deputado enfatizou a relev\u00e2ncia da aprova\u00e7\u00e3o da Coordenadoria de Combate \u00e0 Viol\u00eancia Contra Mulheres, na Pol\u00edcia Civil de Mato Grosso, uma medida que ele apoiou ativamente na Assembleia Legislativa.&nbsp;<\/p>\n\n\n\n<p>&#8220;Precisamos, como sociedade, de a\u00e7\u00f5es efetivas para que a gente possa ter uma sociedade mais justa. O m\u00eas de mar\u00e7o \u00e9 para comemorar os avan\u00e7os, mas tamb\u00e9m para lembrar que estamos fazendo um reparo hist\u00f3rico e que h\u00e1 muito ainda a ser feito. Tem o direito ao voto feminino, temos mulheres ocupando espa\u00e7os de poder, mas precisamos de mais. Precisamos que as mulheres tenham os mesmos sal\u00e1rios ocupando os mesmos cargos que os homens, precisamos de mais mulheres em cargos de destaque em empresas e no servi\u00e7o p\u00fablico. Em dias como 8 de mar\u00e7o, \u00e9 importante para pensar, refletir&#8221;, afirmou Beto Dois a Um.<\/p>\n\n\n\n<p>O evento tamb\u00e9m foi uma oportunidade para a comunidade refletir sobre as conquistas e os desafios ainda enfrentados pelas mulheres. Participaram do ato autoridades como o vice-prefeito de Sorriso, Ac\u00e1cio Ambrosini, e sua esposa Cassiane Ambrosini, as vereadoras Jane Delaliberai e professora Silvana Perin, al\u00e9m de ju\u00edzes, delegados e promotores de justi\u00e7a, todos unidos na luta por uma sociedade mais justa e igualit\u00e1ria para as mulheres.<\/p>\n\n\n\n<p>&#8220;Precisamos, como sociedade, de a\u00e7\u00f5es para que a gente possa ter uma sociedade mais justa para as mulheres. O m\u00eas de mar\u00e7o \u00e9 para comemorar os avan\u00e7os, mas lembrar que estamos fazendo um reparo hist\u00f3rico a tudo que falta ser feito. Temos o direito ao voto feminino, mulheres ocupando espa\u00e7os de poder, mas precisamos de mais. Precisamos que as mulheres tenham os mesmos sal\u00e1rios ocupando os mesmos cargos que os homens, precisamos de mais mulheres em cargos de destaque em empresas e no servi\u00e7o p\u00fablico. Em dias como 8 de mar\u00e7o, \u00e9 importante para pensar, refletir&#8221;, afirmou o parlamentar.<\/p>\n","protected":false},"excerpt":{"rendered":"<p>Beto lembrou da aprova\u00e7\u00e3o da Coordenadoria de Combate \u00e0 Viol\u00eancia Contra Mulheres, na Pol\u00edcia Civil de Mato Grosso, uma medida que ele apoiou ativamente na Assembleia Legislativa.\u00a0<\/p>\n","protected":false},"author":9,"featured_media":11371,"comment_status":"open","ping_status":"open","sticky":false,"template":"","format":"standard","meta":{"_acf_changed":false,"footnotes":""},"categories":[27,11],"tags":[],"municipio":[],"class_list":["post-11368","post","type-post","status-publish","format-standard","has-post-thumbnail","hentry","category-carrousel","category-noticias"],"acf":[],"_links":{"self":[{"href":"https:\/\/betodoisaum.com.br\/site\/wp-json\/wp\/v2\/posts\/11368","targetHints":{"allow":["GET"]}}],"collection":[{"href":"https:\/\/betodoisaum.com.br\/site\/wp-json\/wp\/v2\/posts"}],"about":[{"href":"https:\/\/betodoisaum.com.br\/site\/wp-json\/wp\/v2\/types\/post"}],"author":[{"embeddable":true,"href":"https:\/\/betodoisaum.com.br\/site\/wp-json\/wp\/v2\/users\/9"}],"replies":[{"embeddable":true,"href":"https:\/\/betodoisaum.com.br\/site\/wp-json\/wp\/v2\/comments?post=11368"}],"version-history":[{"count":2,"href":"https:\/\/betodoisaum.com.br\/site\/wp-json\/wp\/v2\/posts\/11368\/revisions"}],"predecessor-version":[{"id":11377,"href":"https:\/\/betodoisaum.com.br\/site\/wp-json\/wp\/v2\/posts\/11368\/revisions\/11377"}],"wp:featuredmedia":[{"embeddable":true,"href":"https:\/\/betodoisaum.com.br\/site\/wp-json\/wp\/v2\/media\/11371"}],"wp:attachment":[{"href":"https:\/\/betodoisaum.com.br\/site\/wp-json\/wp\/v2\/media?parent=11368"}],"wp:term":[{"taxonomy":"category","embeddable":true,"href":"https:\/\/betodoisaum.com.br\/site\/wp-json\/wp\/v2\/categories?post=11368"},{"taxonomy":"post_tag","embeddable":true,"href":"https:\/\/betodoisaum.com.br\/site\/wp-json\/wp\/v2\/tags?post=11368"},{"taxonomy":"municipio","embeddable":true,"href":"https:\/\/betodoisaum.com.br\/site\/wp-json\/wp\/v2\/municipio?post=11368"}],"curies":[{"name":"wp","href":"https:\/\/api.w.org\/{rel}","templated":true}]}}