{"id":11503,"date":"2025-03-31T11:16:26","date_gmt":"2025-03-31T15:16:26","guid":{"rendered":"https:\/\/betodoisaum.com.br\/site\/?p=11503"},"modified":"2025-05-05T13:30:31","modified_gmt":"2025-05-05T17:30:31","slug":"com-apoio-do-deputado-beto-dois-a-um-a-inedita-meia-maratona-de-chapada-dos-guimaraes-ocorre-dias-17-e-18-de-abril","status":"publish","type":"post","link":"https:\/\/betodoisaum.com.br\/site\/com-apoio-do-deputado-beto-dois-a-um-a-inedita-meia-maratona-de-chapada-dos-guimaraes-ocorre-dias-17-e-18-de-abril\/","title":{"rendered":"Com apoio do deputado Beto Dois a Um, in\u00e9dita meia maratona de Chapada dos Guimar\u00e3es ocorre dias 17 e 18 de maio"},"content":{"rendered":"\n<p>Nos dias 17 e 18 de maio ocorre a Meia Maratona de Chapada dos Guimaraes. In\u00e9dita no munic\u00edpio, o evento esportivo marca a estreia das corridas de rua no calend\u00e1rio 2025 do Ultramacho. \u00c0 Pra\u00e7a do Festival de Inverno foi reservado o ponto de concentra\u00e7\u00e3o, com largada prevista para as 6h. Cronograma das provas e inscri\u00e7\u00f5es pelo site <a href=\"http:\/\/www.ultramacho.com.br\">www.ultramacho.com.br<\/a>. \u00a0<\/p>\n\n\n\n<p>Com apoio do deputado Beto Dois a Um, o Ultramacho \u00e9 o mais importante evento de aventura e supera\u00e7\u00e3o de Mato Grosso, com calend\u00e1rio anual que incentiva a pr\u00e1tica esportiva ao tempo em que valoriza as mais belas e desafiadoras paisagens com voca\u00e7\u00e3o tur\u00edstica em Mato Grosso.<\/p>\n\n\n\n<p>\u201cN\u00e3o \u00e9 segredo para ningu\u00e9m que o esporte \u00e9 uma das minhas paix\u00f5es. Mas as belas paisagens e o turismo em Mato Grosso tamb\u00e9m s\u00e3o. O Ultramacho \u00e9 isso, a uni\u00e3o do esporte e do turismo, n\u00e3o tem como n\u00e3o se apaixonar. Eu aposto no Ultramacho desde o in\u00edcio. Ver at\u00e9 onde j\u00e1 chegamos e tudo que ainda temos para desbravar \u00e9 t\u00e3o empolgante quanto desafiador. Estamos fazendo hist\u00f3ria no esporte em Mato Grosso com essa que \u00e9 a primeira meia maratona de rua de Chapada. N\u00e3o preciso nem falar sobre o belo trajeto, n\u00e9? Chapada \u00e9 linda demais\u201d, comemora o parlamentar.<\/p>\n\n\n\n<p>A Meia Maratona de Chapada do Guimaraes \u00e9 uma prova de asfalto, com dist\u00e2ncias de 5k, 10k, 21k, provas kids e teens, realizada em suas ruas hist\u00f3ricas (consulte a seguir o cronograma de cada modalidade, com dias e hor\u00e1rios de partida diferentes).<\/p>\n\n\n\n<p>\u201cAtitude transforma desafios cotidianos em hist\u00f3rias inesquec\u00edveis. Somos apaixonados por aventura e acreditamos no poder transformador do esporte. A parceria bem-sucedida com o deputado Beto Dois a Um deu t\u00e3o certo porque ele tamb\u00e9m acredita que o esporte transforma vidas e no potencial tur\u00edstico incr\u00edvel de Mato Grosso. A Meia Maratona de Chapada dos Guimar\u00e3es \u00e9 mais do que um evento, \u00e9 uma homenagem a Maria do Carmo, \u00e0 cidade e \u00e0 for\u00e7a de quem transforma desafios em conquistas\u201d, destaca Tomio Uemura, idealizador do Ultramacho.<\/p>\n\n\n\n<p>Al\u00e9m das atividades esportivas, a Meia Maratona de Chapada dos Guimar\u00e3es vai homenagear a uruguaia Maria do Carmo de Mello R\u00eago, que desafiou os padr\u00f5es de sua \u00e9poca para registrar as riquezas culturais e naturais por onde passou, incluindo Mato Grosso. Seus registros deram origem ao livro \u201cMemoria de uma mulher viajante do s\u00e9culo 19\u201d. <\/p>\n\n\n\n<p><strong>Cronograma de atividades<\/strong><\/p>\n\n\n\n<p><strong>Dia 17 de maio<\/strong> (s\u00e1bado)<\/p>\n\n\n\n<p>15h: Abertura da Vila Aventura para os minis atletas;<\/p>\n\n\n\n<p>16h: Corrida Kids \/ Teens \u2013 Provas para crian\u00e7as e jovens de 0 a 15 anos.<\/p>\n\n\n\n<p>Para esta prova, o uso da camiseta do evento \u00e9 obrigat\u00f3rio.<\/p>\n\n\n\n<p><strong>Dia 18 de maio<\/strong> (domingo)<\/p>\n\n\n\n<p>5h: Abertura da Vila Aventura para os atletas;<\/p>\n\n\n\n<p>06h: Largada Meia Maratona 21K;<\/p>\n\n\n\n<p>06h05: Largada Corrida 10K;<\/p>\n\n\n\n<p>06h10: Largada Corrida 5K.<\/p>\n\n\n\n<p><strong>Prova de 5 km<\/strong><\/p>\n\n\n\n<p>Ideal para iniciantes ou quem busca uma prova r\u00e1pida e cheia de energia. Permitido para atletas acima de 16 anos. Para esta prova, o uso da camiseta do evento \u00e9 obrigat\u00f3rio.<\/p>\n\n\n\n<p><strong>Prova de 10 Km<\/strong><\/p>\n\n\n\n<p>Um desafio intermedi\u00e1rio com subidas estrat\u00e9gicas e vistas marcantes. Permitido para atletas acima de 18 anos. Para esta prova, o uso da camiseta do evento \u00e9 obrigat\u00f3rio.<\/p>\n\n\n\n<p><strong>Prova de 21 Km<\/strong><\/p>\n\n\n\n<p>A meia maratona para quem quer deixar sua marca na hist\u00f3ria, enfrentando um percurso t\u00e9cnico e inesquec\u00edvel. Permitido para atletas acima de 18 anos. Para esta prova, o uso da camiseta do evento \u00e9 obrigat\u00f3rio.<\/p>\n\n\n\n<p><strong>O Local<\/strong><\/p>\n\n\n\n<p>A largada ser\u00e1 na Pra\u00e7a do Festival de Inverno, o ponto central de Chapada dos Guimar\u00e3es. O percurso passa pelos principais pontos tur\u00edsticos da cidade, destacando sua hist\u00f3ria, cultura e subidas.<\/p>\n\n\n\n<p><strong>Atletas PCD<\/strong><\/p>\n\n\n\n<p>Para atletas PCD, \u00e9 obrigat\u00f3rio a apresenta\u00e7\u00e3o da carteirinha ou laudo de comprova\u00e7\u00e3o PCD no ato da inscri\u00e7\u00e3o para valida\u00e7\u00e3o do desconto de 50%. O atleta deve entrar em contato pelo WhatApp 65 9 9905-6090 (Natane) para fazer a solicita\u00e7\u00e3o.<\/p>\n\n\n\n<p>A idade m\u00ednima para participar da prova de 5K \u00e9 de 16 anos completos no ano da prova (mediante autoriza\u00e7\u00e3o do respons\u00e1vel legal assinada em cart\u00f3rio). A idade m\u00ednima para participar das provas de 10K e 21K \u00e9 de 18 anos. Para a prova de 21K \u00e9 obrigat\u00f3rio a apresenta\u00e7\u00e3o de atestado m\u00e9dico.<\/p>\n","protected":false},"excerpt":{"rendered":"<p>O evento marca a estreia das corridas de rua no calend\u00e1rio 2025 do Ultramacho. Cronograma das provas e inscri\u00e7\u00f5es pelo site www.ultramacho.com.br <\/p>\n","protected":false},"author":2,"featured_media":11504,"comment_status":"open","ping_status":"open","sticky":false,"template":"","format":"standard","meta":{"_acf_changed":false,"footnotes":""},"categories":[27,15,12,22],"tags":[],"municipio":[],"class_list":["post-11503","post","type-post","status-publish","format-standard","has-post-thumbnail","hentry","category-carrousel","category-esporte","category-geral","category-turismo"],"acf":[],"_links":{"self":[{"href":"https:\/\/betodoisaum.com.br\/site\/wp-json\/wp\/v2\/posts\/11503","targetHints":{"allow":["GET"]}}],"collection":[{"href":"https:\/\/betodoisaum.com.br\/site\/wp-json\/wp\/v2\/posts"}],"about":[{"href":"https:\/\/betodoisaum.com.br\/site\/wp-json\/wp\/v2\/types\/post"}],"author":[{"embeddable":true,"href":"https:\/\/betodoisaum.com.br\/site\/wp-json\/wp\/v2\/users\/2"}],"replies":[{"embeddable":true,"href":"https:\/\/betodoisaum.com.br\/site\/wp-json\/wp\/v2\/comments?post=11503"}],"version-history":[{"count":4,"href":"https:\/\/betodoisaum.com.br\/site\/wp-json\/wp\/v2\/posts\/11503\/revisions"}],"predecessor-version":[{"id":11573,"href":"https:\/\/betodoisaum.com.br\/site\/wp-json\/wp\/v2\/posts\/11503\/revisions\/11573"}],"wp:featuredmedia":[{"embeddable":true,"href":"https:\/\/betodoisaum.com.br\/site\/wp-json\/wp\/v2\/media\/11504"}],"wp:attachment":[{"href":"https:\/\/betodoisaum.com.br\/site\/wp-json\/wp\/v2\/media?parent=11503"}],"wp:term":[{"taxonomy":"category","embeddable":true,"href":"https:\/\/betodoisaum.com.br\/site\/wp-json\/wp\/v2\/categories?post=11503"},{"taxonomy":"post_tag","embeddable":true,"href":"https:\/\/betodoisaum.com.br\/site\/wp-json\/wp\/v2\/tags?post=11503"},{"taxonomy":"municipio","embeddable":true,"href":"https:\/\/betodoisaum.com.br\/site\/wp-json\/wp\/v2\/municipio?post=11503"}],"curies":[{"name":"wp","href":"https:\/\/api.w.org\/{rel}","templated":true}]}}