{"id":11567,"date":"2025-05-05T12:14:00","date_gmt":"2025-05-05T16:14:00","guid":{"rendered":"https:\/\/betodoisaum.com.br\/site\/?p=11567"},"modified":"2025-05-05T12:14:00","modified_gmt":"2025-05-05T16:14:00","slug":"aml-realiza-quarta-edicao-do-projeto-casa-aberta-em-comemoracao-ao-aniversario-de-mt","status":"publish","type":"post","link":"https:\/\/betodoisaum.com.br\/site\/aml-realiza-quarta-edicao-do-projeto-casa-aberta-em-comemoracao-ao-aniversario-de-mt\/","title":{"rendered":"AML realiza quarta edi\u00e7\u00e3o do projeto Casa Aberta em comemora\u00e7\u00e3o ao anivers\u00e1rio de MT"},"content":{"rendered":"\n<p>Em comemora\u00e7\u00e3o ao anivers\u00e1rio de Mato Grosso, que celebra 277 anos este m\u00eas, a Academia Mato-grossense de Letras abre suas portas nesta quinta-feira (08.05), na Casa Bar\u00e3o, a partir das 18h, em mais uma edi\u00e7\u00e3o do projeto Casa Aberta. A entrada \u00e9 livre. \u00a0<\/p>\n\n\n\n<p>O tema de maio, \u201c&#8230;Eis aqui, sempre em flor, Mato Grosso&#8230;\u201d, destaca um trecho do nosso hino, escrito por Dom Aquino Corr\u00eaa, s\u00f3cio fundador do Centro Mato-grossense de Letras, que mais tarde passaria a se chamar Academia Mato-grossense de Letras. Fundou ainda o Instituto Hist\u00f3rico e Geogr\u00e1fico de Mato Grosso e ocupou a Cadeira 34 da Academia Brasileira de Letras, al\u00e9m de governador do Estado, em 1919.<\/p>\n\n\n\n<p>\u201cEsta edi\u00e7\u00e3o, al\u00e9m da programa\u00e7\u00e3o costumeira, inaugura uma parceria desenvolvida entre a AML e a Secretaria de Educa\u00e7\u00e3o de Mato Grosso. Membros da Academia gravaram v\u00eddeos solicitando aos estudantes da rede estadual de ensino que escrevessem poemas com a tem\u00e1tica \u2018Mato Grosso hoje\u2019, com a finalidade de reproduzir os versos nas paredes centen\u00e1rias da Casa Bar\u00e3o. Os v\u00eddeos chegaram em 70 escolas de Mato Grosso e os versos dos estudantes j\u00e1 est\u00e3o chegando\u201d, antecipa Luciene Carvalho, presidente da AML. &nbsp;<\/p>\n\n\n\n<p>O p\u00fablico que comparecer ao Casa Aberta nesta quinta-feira ter\u00e1 a oportunidade de conhecer em primeira m\u00e3o poemas da nova gera\u00e7\u00e3o de poetas de Mato Grosso. Os integrantes da AML est\u00e3o entusiasmados com o compartilhamento dos versos da juventude mato-grossense, com a inaugura\u00e7\u00e3o do Mosaico Po\u00e9tico &#8220;Mato Grosso hoje&#8221;.<\/p>\n\n\n\n<p><strong>Programa\u00e7\u00e3o<\/strong><\/p>\n\n\n\n<p>Al\u00e9m do Mosaico Po\u00e9tico, a programa\u00e7\u00e3o do Casa Aberta vai oferecer ao p\u00fablico, ainda, manifesta\u00e7\u00f5es da cultura urbana (Slam Academia e DJ;&nbsp; o Papo Acad\u00eamico em torno de MT, com participa\u00e7\u00e3o dos Imortais Lucinda Persona e Jo\u00e3o Carlos Vicente Ferreira; e um clipe do Hino de Mato Grosso, produzido pelo Sebrae, com participa\u00e7\u00e3o de v\u00e1rios artistas mato-grossenses.<\/p>\n\n\n\n<p><strong>Papo Acad\u00eamico &#8211; imortais convidados<\/strong><\/p>\n\n\n\n<p>Lucinda Persona nasceu em Arapongas (PR), mas veio com a fam\u00edlia para Cuiab\u00e1 em 1965, com 17 anos. \u00c9 bi\u00f3loga e professora universit\u00e1ria, al\u00e9m de escritora, poeta. Vem colaborando com jornais, revistas e sites; escrevendo resenhas, contos e cr\u00f4nicas. Sua escrita (poesia e fic\u00e7\u00e3o) tem sido objeto de v\u00e1rios estudos especializados e destaca-se como uma das principais autoras da literatura brasileira produzida em Mato Grosso. Ocupa a cadeira n\u00ba 4 da Academia Mato-grossense de Letras.<\/p>\n\n\n\n<p>Jo\u00e3o Carlos Vicente Ferreira, escritor-de-of\u00edcio e pesquisador. Nasceu em Santa Cec\u00edlia do Pav\u00e3o (PR), mas est\u00e1 radicado em Cuiab\u00e1 h\u00e1 v\u00e1rias d\u00e9cadas. \u00c9 atuante em literatura narrativa; e tem experi\u00eancia em ve\u00edculos de comunica\u00e7\u00e3o, foi empres\u00e1rio no ramo da publicidade. Escreveu livros sobre hist\u00f3ria, costumes, etimologias, topon\u00edmias e biografias nos estados de Mato Grosso, Par\u00e1 e Paran\u00e1. Atualmente \u00e9 editor da revista mensal Lume MT. Dentre outras institui\u00e7\u00f5es, \u00e9 membro do Instituto Hist\u00f3rico e Geogr\u00e1fico de Mato Grosso e da Academia Mato-Grossense de Letras, onde ocupa a cadeira n\u00ba 27<\/p>\n\n\n\n<p><strong>Realiza\u00e7\u00e3o<\/strong><\/p>\n\n\n\n<p>Com a poio do deputado Beto Dois a Um, o projeto Casa Aberta \u00e9 idealizado pela Academia Mato-grossense de Letras com investimento do Governo de Mato Grosso via Secretaria de Estado de Cultura, Esporte e Lazer (Secel-MT).<\/p>\n\n\n\n<p><\/p>\n","protected":false},"excerpt":{"rendered":"<p>A Academia Mato-grossense de Letras abre suas portas nesta quinta-feira (08.05), na Casa Bar\u00e3o, a partir das 18h<\/p>\n","protected":false},"author":2,"featured_media":11568,"comment_status":"open","ping_status":"open","sticky":false,"template":"","format":"standard","meta":{"_acf_changed":false,"footnotes":""},"categories":[27,21,12],"tags":[46,48],"municipio":[65],"class_list":["post-11567","post","type-post","status-publish","format-standard","has-post-thumbnail","hentry","category-carrousel","category-cultura","category-geral","tag-cultura","tag-inclusao","municipio-cuiaba"],"acf":[],"_links":{"self":[{"href":"https:\/\/betodoisaum.com.br\/site\/wp-json\/wp\/v2\/posts\/11567","targetHints":{"allow":["GET"]}}],"collection":[{"href":"https:\/\/betodoisaum.com.br\/site\/wp-json\/wp\/v2\/posts"}],"about":[{"href":"https:\/\/betodoisaum.com.br\/site\/wp-json\/wp\/v2\/types\/post"}],"author":[{"embeddable":true,"href":"https:\/\/betodoisaum.com.br\/site\/wp-json\/wp\/v2\/users\/2"}],"replies":[{"embeddable":true,"href":"https:\/\/betodoisaum.com.br\/site\/wp-json\/wp\/v2\/comments?post=11567"}],"version-history":[{"count":1,"href":"https:\/\/betodoisaum.com.br\/site\/wp-json\/wp\/v2\/posts\/11567\/revisions"}],"predecessor-version":[{"id":11569,"href":"https:\/\/betodoisaum.com.br\/site\/wp-json\/wp\/v2\/posts\/11567\/revisions\/11569"}],"wp:featuredmedia":[{"embeddable":true,"href":"https:\/\/betodoisaum.com.br\/site\/wp-json\/wp\/v2\/media\/11568"}],"wp:attachment":[{"href":"https:\/\/betodoisaum.com.br\/site\/wp-json\/wp\/v2\/media?parent=11567"}],"wp:term":[{"taxonomy":"category","embeddable":true,"href":"https:\/\/betodoisaum.com.br\/site\/wp-json\/wp\/v2\/categories?post=11567"},{"taxonomy":"post_tag","embeddable":true,"href":"https:\/\/betodoisaum.com.br\/site\/wp-json\/wp\/v2\/tags?post=11567"},{"taxonomy":"municipio","embeddable":true,"href":"https:\/\/betodoisaum.com.br\/site\/wp-json\/wp\/v2\/municipio?post=11567"}],"curies":[{"name":"wp","href":"https:\/\/api.w.org\/{rel}","templated":true}]}}