{"id":11586,"date":"2025-05-26T14:30:02","date_gmt":"2025-05-26T18:30:02","guid":{"rendered":"https:\/\/betodoisaum.com.br\/site\/?p=11586"},"modified":"2025-05-26T14:39:52","modified_gmt":"2025-05-26T18:39:52","slug":"pl-de-beto-quer-reconhecer-flor-ribeirinha-como-patrimonio-cultural-de-mato-grosso","status":"publish","type":"post","link":"https:\/\/betodoisaum.com.br\/site\/pl-de-beto-quer-reconhecer-flor-ribeirinha-como-patrimonio-cultural-de-mato-grosso\/","title":{"rendered":"PL de Beto quer reconhecer Flor Ribeirinha como Patrim\u00f4nio Cultural de Mato Grosso"},"content":{"rendered":"\n<p><\/p>\n\n\n\n<p>O deputado estadual Beto Dois a Um apresentou projeto de lei que prop\u00f5e declarar o Grupo Flor Ribeirinha como Patrim\u00f4nio Hist\u00f3rico, Cultural e Imaterial de Mato Grosso. Trata-se de um importante reconhecimento da cultura mato-grossense. O PL foi apresentado em sess\u00e3o da Assembleia Legislativa de Mato Grosso no 21 de maio.<\/p>\n\n\n\n<p>Fundado em 1993, na comunidade tradicional de S\u00e3o Gon\u00e7alo Beira Rio, em Cuiab\u00e1, o Flor Ribeirinha se consolidou como uma das maiores express\u00f5es da cultura popular regional, levando o siriri e o cururu \u2014 ritmos tradicionais do estado \u2014 aos palcos do Brasil e do mundo.<\/p>\n\n\n\n<p>De acordo com o deputado, o objetivo do projeto \u00e9 garantir o reconhecimento e a valoriza\u00e7\u00e3o de um trabalho que vai muito al\u00e9m da arte. \u201cO Flor Ribeirinha \u00e9 s\u00edmbolo de resist\u00eancia, ancestralidade e transforma\u00e7\u00e3o social. Com essa proposta, queremos dar o respaldo legal necess\u00e1rio para que pol\u00edticas p\u00fablicas possam fortalecer e preservar essa manifesta\u00e7\u00e3o cultural para as pr\u00f3ximas gera\u00e7\u00f5es\u201d, explicou Beto Dois a Um.<\/p>\n\n\n\n<p>No cora\u00e7\u00e3o do grupo est\u00e1 Dona Domingas Leonor da Silva, mestra da cultura popular e fundadora do Flor Ribeirinha. Para ela, o projeto representa uma vit\u00f3ria coletiva. \u201cEsse reconhecimento \u00e9 de toda a nossa comunidade. H\u00e1 mais de 30 anos a gente luta para manter viva a nossa cultura, com muito esfor\u00e7o, muito amor e dedica\u00e7\u00e3o. Ver isso chegar \u00e0 Assembleia \u00e9 motivo de orgulho e esperan\u00e7a\u201d, afirmou emocionada.<\/p>\n\n\n\n<p>Dona Domingas transformou sua pr\u00f3pria casa em um centro de cultura, onde crian\u00e7as e jovens aprendem dan\u00e7a, m\u00fasica e, principalmente, o valor de suas ra\u00edzes.<\/p>\n\n\n\n<p>Um dos nomes que simbolizam a renova\u00e7\u00e3o do grupo \u00e9 o do core\u00f3grafo e dan\u00e7arino Avinner Augusto, que cresceu dentro do Flor Ribeirinha e hoje contribui para a moderniza\u00e7\u00e3o das apresenta\u00e7\u00f5es sem perder a ess\u00eancia tradicional. Sob sua dire\u00e7\u00e3o art\u00edstica, o grupo tem alcan\u00e7ado reconhecimento internacional, com pr\u00eamios conquistados em pa\u00edses como It\u00e1lia, Fran\u00e7a e Bol\u00edvia.<\/p>\n\n\n\n<p>\u201cEsse projeto vem em boa hora. O Flor Ribeirinha \u00e9 muito mais do que um grupo de dan\u00e7a, \u00e9 um projeto de vida, de cidadania. Ver o Estado reconhecendo isso \u00e9 dar for\u00e7a para que a cultura siga viva e pulsante\u201d, disse Avinner.<\/p>\n\n\n\n<p>Agora, o projeto de lei segue para an\u00e1lise nas comiss\u00f5es permanentes da Assembleia Legislativa antes de ir a plen\u00e1rio. Se aprovado, ser\u00e1 encaminhado para san\u00e7\u00e3o do governador e publica\u00e7\u00e3o oficial.<\/p>\n","protected":false},"excerpt":{"rendered":"<p>De acordo com o deputado, o objetivo do projeto \u00e9 garantir o reconhecimento e a valoriza\u00e7\u00e3o de um trabalho que vai muito al\u00e9m da arte.<\/p>\n","protected":false},"author":9,"featured_media":9514,"comment_status":"open","ping_status":"open","sticky":false,"template":"","format":"standard","meta":{"_acf_changed":false,"footnotes":""},"categories":[27,11],"tags":[],"municipio":[],"class_list":["post-11586","post","type-post","status-publish","format-standard","has-post-thumbnail","hentry","category-carrousel","category-noticias"],"acf":[],"_links":{"self":[{"href":"https:\/\/betodoisaum.com.br\/site\/wp-json\/wp\/v2\/posts\/11586","targetHints":{"allow":["GET"]}}],"collection":[{"href":"https:\/\/betodoisaum.com.br\/site\/wp-json\/wp\/v2\/posts"}],"about":[{"href":"https:\/\/betodoisaum.com.br\/site\/wp-json\/wp\/v2\/types\/post"}],"author":[{"embeddable":true,"href":"https:\/\/betodoisaum.com.br\/site\/wp-json\/wp\/v2\/users\/9"}],"replies":[{"embeddable":true,"href":"https:\/\/betodoisaum.com.br\/site\/wp-json\/wp\/v2\/comments?post=11586"}],"version-history":[{"count":3,"href":"https:\/\/betodoisaum.com.br\/site\/wp-json\/wp\/v2\/posts\/11586\/revisions"}],"predecessor-version":[{"id":11590,"href":"https:\/\/betodoisaum.com.br\/site\/wp-json\/wp\/v2\/posts\/11586\/revisions\/11590"}],"wp:featuredmedia":[{"embeddable":true,"href":"https:\/\/betodoisaum.com.br\/site\/wp-json\/wp\/v2\/media\/9514"}],"wp:attachment":[{"href":"https:\/\/betodoisaum.com.br\/site\/wp-json\/wp\/v2\/media?parent=11586"}],"wp:term":[{"taxonomy":"category","embeddable":true,"href":"https:\/\/betodoisaum.com.br\/site\/wp-json\/wp\/v2\/categories?post=11586"},{"taxonomy":"post_tag","embeddable":true,"href":"https:\/\/betodoisaum.com.br\/site\/wp-json\/wp\/v2\/tags?post=11586"},{"taxonomy":"municipio","embeddable":true,"href":"https:\/\/betodoisaum.com.br\/site\/wp-json\/wp\/v2\/municipio?post=11586"}],"curies":[{"name":"wp","href":"https:\/\/api.w.org\/{rel}","templated":true}]}}