{"id":11593,"date":"2025-06-04T17:25:33","date_gmt":"2025-06-04T21:25:33","guid":{"rendered":"https:\/\/betodoisaum.com.br\/site\/?p=11593"},"modified":"2025-06-05T09:16:41","modified_gmt":"2025-06-05T13:16:41","slug":"beto-dois-a-um-apresenta-pl-para-valorizar-produtor-cultural","status":"publish","type":"post","link":"https:\/\/betodoisaum.com.br\/site\/beto-dois-a-um-apresenta-pl-para-valorizar-produtor-cultural\/","title":{"rendered":"Beto Dois a Um apresenta PL para valorizar produtor cultural"},"content":{"rendered":"\n<p>Atento aos agentes da cadeia produtiva e pensando em quem promove e viabiliza a cultura em Mato Grosso, o deputado Beto Dois a Um apresentou projeto de lei que pretende instituir no calend\u00e1rio oficial de datas e eventos do estado o Dia do Produtor Cultural.<\/p>\n\n\n\n<p>\u201cOs produtores culturais desempenham um papel estrat\u00e9gico e imprescind\u00edvel para a viabiliza\u00e7\u00e3o e execu\u00e7\u00e3o de iniciativas art\u00edsticas e culturais em todas as suas formas. \u00c9 o profissional que organiza, planeja, capta recursos, articula parcerias e promove a realiza\u00e7\u00e3o de eventos, projetos e atividades culturais que enriquecem o patrim\u00f4nio imaterial de nossa sociedade\u201d, destacou o parlamentar.<\/p>\n\n\n\n<p>A cria\u00e7\u00e3o do Dia do Produtor Cultural tem como objetivo valorizar e reconhecer oficialmente essa profiss\u00e3o, homenageando sua contribui\u00e7\u00e3o para o fortalecimento do setor e para o desenvolvimento das cidades e comunidades.<\/p>\n\n\n\n<p>\u201cS\u00e3o esses profissionais que possibilitam a circula\u00e7\u00e3o da cultura, a valoriza\u00e7\u00e3o dos artistas e o acesso do p\u00fablico a manifesta\u00e7\u00f5es culturais diversas, promovendo a democratiza\u00e7\u00e3o da cultura e a amplia\u00e7\u00e3o do acesso \u00e0 arte. Apesar da import\u00e2ncia social e econ\u00f4mica do produtor cultural, esta categoria ainda carece de reconhecimento p\u00fablico e institucional\u201d, complementou. &nbsp;<\/p>\n\n\n\n<p>Beto Dois a Um destaca ainda a import\u00e2ncia da cultura para o desenvolvimento da sociedade em diferentes aspectos. &nbsp;<\/p>\n\n\n\n<p>\u201cA cultura \u00e9 um dos pilares fundamentais para o desenvolvimento social, econ\u00f4mico e humano, promove o fortalecimento da identidade, a diversidade e a inclus\u00e3o, al\u00e9m de gerar empregos, renda e turismo\u201d, conclui o deputado.<\/p>\n\n\n\n<p>O projeto de lei segue para an\u00e1lise nas comiss\u00f5es permanentes da Assembleia Legislativa antes de ir a plen\u00e1rio. Caso aprovado, ser\u00e1 encaminhado para san\u00e7\u00e3o do governador e publica\u00e7\u00e3o oficial. &nbsp;&nbsp;<\/p>\n\n\n\n<p><\/p>\n","protected":false},"excerpt":{"rendered":"<p>A cria\u00e7\u00e3o do Dia do Produtor Cultural tem como objetivo reconhecer oficialmente a profiss\u00e3o<\/p>\n","protected":false},"author":2,"featured_media":11478,"comment_status":"open","ping_status":"open","sticky":false,"template":"","format":"standard","meta":{"_acf_changed":false,"footnotes":""},"categories":[27,67,21],"tags":[35,46,49],"municipio":[],"class_list":["post-11593","post","type-post","status-publish","format-standard","has-post-thumbnail","hentry","category-carrousel","category-cst-cultura","category-cultura","tag-assembleia-legislativa","tag-cultura","tag-projeto-de-lei"],"acf":[],"_links":{"self":[{"href":"https:\/\/betodoisaum.com.br\/site\/wp-json\/wp\/v2\/posts\/11593","targetHints":{"allow":["GET"]}}],"collection":[{"href":"https:\/\/betodoisaum.com.br\/site\/wp-json\/wp\/v2\/posts"}],"about":[{"href":"https:\/\/betodoisaum.com.br\/site\/wp-json\/wp\/v2\/types\/post"}],"author":[{"embeddable":true,"href":"https:\/\/betodoisaum.com.br\/site\/wp-json\/wp\/v2\/users\/2"}],"replies":[{"embeddable":true,"href":"https:\/\/betodoisaum.com.br\/site\/wp-json\/wp\/v2\/comments?post=11593"}],"version-history":[{"count":2,"href":"https:\/\/betodoisaum.com.br\/site\/wp-json\/wp\/v2\/posts\/11593\/revisions"}],"predecessor-version":[{"id":11595,"href":"https:\/\/betodoisaum.com.br\/site\/wp-json\/wp\/v2\/posts\/11593\/revisions\/11595"}],"wp:featuredmedia":[{"embeddable":true,"href":"https:\/\/betodoisaum.com.br\/site\/wp-json\/wp\/v2\/media\/11478"}],"wp:attachment":[{"href":"https:\/\/betodoisaum.com.br\/site\/wp-json\/wp\/v2\/media?parent=11593"}],"wp:term":[{"taxonomy":"category","embeddable":true,"href":"https:\/\/betodoisaum.com.br\/site\/wp-json\/wp\/v2\/categories?post=11593"},{"taxonomy":"post_tag","embeddable":true,"href":"https:\/\/betodoisaum.com.br\/site\/wp-json\/wp\/v2\/tags?post=11593"},{"taxonomy":"municipio","embeddable":true,"href":"https:\/\/betodoisaum.com.br\/site\/wp-json\/wp\/v2\/municipio?post=11593"}],"curies":[{"name":"wp","href":"https:\/\/api.w.org\/{rel}","templated":true}]}}