{"id":11600,"date":"2025-06-23T21:45:55","date_gmt":"2025-06-24T01:45:55","guid":{"rendered":"https:\/\/betodoisaum.com.br\/site\/?p=11600"},"modified":"2025-06-23T21:45:55","modified_gmt":"2025-06-24T01:45:55","slug":"beto-dois-a-um-destaca-protagonismo-da-cultura-e-do-esporte-na-gestao-mauro-mendes","status":"publish","type":"post","link":"https:\/\/betodoisaum.com.br\/site\/beto-dois-a-um-destaca-protagonismo-da-cultura-e-do-esporte-na-gestao-mauro-mendes\/","title":{"rendered":"Beto Dois a Um destaca protagonismo da cultura e do esporte na gest\u00e3o Mauro Mendes"},"content":{"rendered":"\n<p>Defensor contumaz da cultura e do esporte, o deputado estadual Beto Dois a Um fez discurso emocionado na solenidade de abertura do Encontro de Gestores de Cultura e Esporte de Mato Grosso, nesta segunda-feira (23.06). Com entrada franca, o evento segue at\u00e9 dia 25 de junho, no Centro de Eventos do Pantanal.<\/p>\n\n\n\n<p>\u201cEstamos vivenciando hoje o maior encontro da cultura e do esporte de todos os tempos em Mato Grosso. Ap\u00f3s muita luta, a cultura e o esporte s\u00e3o protagonistas. Avan\u00e7amos muito nos \u00faltimos anos, poucos estados tiveram a coragem de fazer os ajustes que a Secel e o governador Mauro Mendes fizeram, por isso estamos aqui hoje\u201d, destacou Beto Dois a Um.<\/p>\n\n\n\n<p>Promovido pela Secretaria de Estado de Cultura, Esporte e Lazer (Secel), o Encontro de Gestores conta com programa\u00e7\u00e3o especial, com feira, oficinas, pain\u00e9is tem\u00e1ticos, confer\u00eancia com a atriz Denise Fraga, palestra com a com a ministra da Cultura, Margareth Menezes, talkshow com atletas ol\u00edmpicos e show do grupo Fundo de Quintal.<\/p>\n\n\n\n<p>Ao lado do governador Mauro Mendes e da primeira-dama Virginia Mendes, do secret\u00e1rio de Cultura David Moura, da deputada federal Gisela Simona e de Binho Riani, representante do Minist\u00e9rio da Cultura, Beto Dois a Um destacou ainda a import\u00e2ncia das duas c\u00e2maras setoriais tem\u00e1ticas em curso na Assembleia Legislativa de Mato Grosso, da cultura e do esporte, ambas propostas pelo parlamentar. &nbsp;<\/p>\n\n\n\n<p>\u201cCom o desejo latente de continuarmos avan\u00e7ando, abrimos um amplo espa\u00e7o de escuta, participa\u00e7\u00e3o e constru\u00e7\u00e3o coletiva, para que os setores da cultura e do esporte pudessem expressar com total autonomia, aquilo que almeja ver refletido na legisla\u00e7\u00e3o. Os debates, as propostas e as decis\u00f5es que constam no texto final da CST da Cultura s\u00e3o resultados direto das contribui\u00e7\u00f5es dos grupos, e respeitam integralmente as delibera\u00e7\u00f5es realizadas durante as reuni\u00f5es. A CST do Esporte ainda tem ch\u00e3o pela frente, mas n\u00e3o ser\u00e1 diferente\u201d, destacou. &nbsp;<\/p>\n\n\n\n<p>O deputado estadual concluiu sua fala exaltando a relev\u00e2ncia da cultura e do esporte como fator de transforma\u00e7\u00e3o social e destacou a fun\u00e7\u00e3o do Encontro de Gestores deste ano.<\/p>\n\n\n\n<p>\u201c\u00c9 ineg\u00e1vel o poder de transforma\u00e7\u00e3o da cultura e do esporte na vida das pessoas. Cultura e esporte geram emprego, geram renda, movimentam a economia e d\u00e3o dignidade para as pessoas. Por isso precisamos trocar essas experi\u00eancias agora, aproveitar ao m\u00e1ximo a oportunidade desse Encontro de Gestores. Esses tr\u00eas dias s\u00e3o fundamentais para que gestores e trabalhadores da cultura e do esporte avancem, para que possamos levar para cada um dos 142 munic\u00edpios de Mato Grosso a\u00e7\u00f5es efetivas e fazer valer a finalidade b\u00e1sica da pol\u00edtica, transformar a vida das pessoas para melhor, e o esporte e a cultura s\u00e3o os maiores instrumentos de transforma\u00e7\u00e3o social na vida das pessoas\u201d, concluiu Beto. &nbsp;&nbsp;<\/p>\n\n\n\n<p><strong>Programa\u00e7\u00e3o<\/strong><\/p>\n\n\n\n<p>Com a presen\u00e7a de agentes e gestores culturais, representantes do Conselho de Cultura, artistas, esportistas, t\u00e9cnicos, federa\u00e7\u00f5es de esporte e membros do Governo, o Encontro de Gestores de Cultura e Esporte de Mato Grosso segue com intensa programa\u00e7\u00e3o at\u00e9 quarta-feira, 25 de junho. &nbsp;<\/p>\n\n\n\n<p>Na ter\u00e7a e quarta-feira (24 e 25), a agenda retoma a partir das 9h, contemplando pain\u00e9is sobre cultura e esporte, e nove oficinas com dura\u00e7\u00e3o de tr\u00eas ou de seis horas. Entre os assuntos das oficinas est\u00e3o Elabora\u00e7\u00e3o e Presta\u00e7\u00e3o de Contas de Projetos, Comunica\u00e7\u00e3o P\u00fablica, Indicadores de Desenvolvimento, Representa\u00e7\u00e3o Social, legisla\u00e7\u00e3o e desafios.<\/p>\n\n\n\n<p>O Encontro Estadual conta ainda com uma confer\u00eancia master sobre \u201cConex\u00f5es Humanas em Tempos Digitais\u201d, conduzida pela atriz Denise Fraga, e um bate-papo (talkshow) com atletas ol\u00edmpicos coordenado pelo secret\u00e1rio da Secel, David Moura.<\/p>\n\n\n\n<p>Durante todo o evento, haver\u00e1 a Feira Conex\u00e3o Saberes, possibilitando aos participantes adquirir produtos locais e conhecer projetos esportivos e culturais do Estado. E um dos mais tradicionais grupos de samba do pa\u00eds, o Fundo de Quintal, faz o encerramento do evento com um grande show aberto ao p\u00fablico, que ser\u00e1 realizado na \u00e1rea externa da Arena Pantanal.<\/p>\n","protected":false},"excerpt":{"rendered":"<p>O parlamentar fez discurso emocionado na solenidade de abertura do Encontro de Gestores de Cultura e Esporte de Mato Grosso, nesta segunda-feira (23)<\/p>\n","protected":false},"author":2,"featured_media":11601,"comment_status":"open","ping_status":"open","sticky":false,"template":"","format":"standard","meta":{"_acf_changed":false,"footnotes":""},"categories":[27,67,89,21,12],"tags":[],"municipio":[],"class_list":["post-11600","post","type-post","status-publish","format-standard","has-post-thumbnail","hentry","category-carrousel","category-cst-cultura","category-cst-do-esporte","category-cultura","category-geral"],"acf":[],"_links":{"self":[{"href":"https:\/\/betodoisaum.com.br\/site\/wp-json\/wp\/v2\/posts\/11600","targetHints":{"allow":["GET"]}}],"collection":[{"href":"https:\/\/betodoisaum.com.br\/site\/wp-json\/wp\/v2\/posts"}],"about":[{"href":"https:\/\/betodoisaum.com.br\/site\/wp-json\/wp\/v2\/types\/post"}],"author":[{"embeddable":true,"href":"https:\/\/betodoisaum.com.br\/site\/wp-json\/wp\/v2\/users\/2"}],"replies":[{"embeddable":true,"href":"https:\/\/betodoisaum.com.br\/site\/wp-json\/wp\/v2\/comments?post=11600"}],"version-history":[{"count":1,"href":"https:\/\/betodoisaum.com.br\/site\/wp-json\/wp\/v2\/posts\/11600\/revisions"}],"predecessor-version":[{"id":11602,"href":"https:\/\/betodoisaum.com.br\/site\/wp-json\/wp\/v2\/posts\/11600\/revisions\/11602"}],"wp:featuredmedia":[{"embeddable":true,"href":"https:\/\/betodoisaum.com.br\/site\/wp-json\/wp\/v2\/media\/11601"}],"wp:attachment":[{"href":"https:\/\/betodoisaum.com.br\/site\/wp-json\/wp\/v2\/media?parent=11600"}],"wp:term":[{"taxonomy":"category","embeddable":true,"href":"https:\/\/betodoisaum.com.br\/site\/wp-json\/wp\/v2\/categories?post=11600"},{"taxonomy":"post_tag","embeddable":true,"href":"https:\/\/betodoisaum.com.br\/site\/wp-json\/wp\/v2\/tags?post=11600"},{"taxonomy":"municipio","embeddable":true,"href":"https:\/\/betodoisaum.com.br\/site\/wp-json\/wp\/v2\/municipio?post=11600"}],"curies":[{"name":"wp","href":"https:\/\/api.w.org\/{rel}","templated":true}]}}