{"id":11608,"date":"2025-06-24T18:07:26","date_gmt":"2025-06-24T22:07:26","guid":{"rendered":"https:\/\/betodoisaum.com.br\/site\/?p=11608"},"modified":"2025-06-24T18:26:06","modified_gmt":"2025-06-24T22:26:06","slug":"beto-dois-a-um-entrega-relatorio-final-da-cst-da-cultura-e-minuta-da-lei-organica","status":"publish","type":"post","link":"https:\/\/betodoisaum.com.br\/site\/beto-dois-a-um-entrega-relatorio-final-da-cst-da-cultura-e-minuta-da-lei-organica\/","title":{"rendered":"Beto Dois a Um entrega relat\u00f3rio final da CST da Cultura e minuta da lei org\u00e2nica"},"content":{"rendered":"\n<p>Ap\u00f3s mais de um ano de trabalho em conjunto com a classe art\u00edstica e cultural do estado, a C\u00e2mara Setorial Tem\u00e1tica da Cultura, proposta e presidida pelo deputado Beto Dois a Um na Assembleia Legislativa de Mato Grosso, gerou importante resultado para a sociedade: a minuta da lei org\u00e2nica da cultura. <\/p>\n\n\n\n<p>Com a finalidade de discutir e propor melhorias estruturais \u00e0 pol\u00edtica cultural do Estado, durante o Encontro de Gestores de Cultura e Esporte de Mato Grosso, que ocorre esta semana no Centro de Eventos do Pantanal, o parlamentar apresentou o relat\u00f3rio final da CST da Cultura e entregou ao secret\u00e1rio da Secel, David Moura, a minuta da lei org\u00e2nica da cultura, constru\u00edda de maneira colaborativa com a classe.<\/p>\n\n\n\n<p>\u201cEssa \u00e9 a proposta inicial, a constru\u00e7\u00e3o continua evoluindo. Abrimos um amplo espa\u00e7o de escuta, participa\u00e7\u00e3o e constru\u00e7\u00e3o coletiva, para que o setor pudesse expressar com total autonomia, aquilo que almeja ver refletido na legisla\u00e7\u00e3o. Os debates, as propostas e as decis\u00f5es que constam no texto final s\u00e3o resultado direto das contribui\u00e7\u00f5es dos grupos, e respeitam integralmente as delibera\u00e7\u00f5es realizadas durante as reuni\u00f5es\u201d, explica Beto.<\/p>\n\n\n\n<p>Al\u00e9m do deputado Beto Dois a Um como presidente, a CST teve o secret\u00e1rio adjunto de cultura da Secel-MT, Jan Moura, como membro efetivo, a assessora jur\u00eddica Talliny Escobar como relatora, a assessora parlamentar Fernanda Amorim como secret\u00e1ria da CST, e outros quinze membros que representam o setor cultural, al\u00e9m de grupos de trabalho espec\u00edficos e participa\u00e7\u00e3o de representantes de diversos segmentos do setor.<\/p>\n\n\n\n<p>\u201cDurante os trabalhos da CST ficou evidente a necessidade de atualiza\u00e7\u00e3o legislativa da pol\u00edtica cultural de Mato Grosso. E, diante dessa constata\u00e7\u00e3o, partimos de uma premissa fundamental: ningu\u00e9m melhor do que a classe, que vive e faz cultura todos os dias, para apontar o caminho. Trata-se, portanto, de uma lei constru\u00edda a muitas m\u00e3os, por quem entende da realidade cultural mato-grossense e tem o direito de participar ativamente de sua governan\u00e7a\u201d, destaca Beto.<\/p>\n\n\n\n<p>Vale destacar, a proposta de lei apresentada ao poder executivo tem como principais pilares a consolida\u00e7\u00e3o normativa da pol\u00edtica cultural estadual, cria\u00e7\u00e3o do Mecenato Estadual, Jeton para membros do Conselho Estadual de Cultura, redesenho da composi\u00e7\u00e3o do Conselho com maior representatividade e vincula\u00e7\u00e3o or\u00e7ament\u00e1ria de 2% da Receita Tribut\u00e1ria L\u00edquida ao Fundo de Cultura.<\/p>\n\n\n\n<p>O texto consolidado da minuta representa o que foi decidido em consenso pelos participantes das dezenas de reuni\u00f5es e a proposta valoriza a cultura como direito fundamental e vetor de desenvolvimento humano, social e econ\u00f4mico.<\/p>\n\n\n\n<p>\u201cAgradecemos a todos que participaram e continuam a contribuir com esse processo, gestores, agentes culturais, t\u00e9cnicos, parlamentares e a sociedade civil organizada. Esta \u00e9 apenas a primeira etapa de uma nova fase para a cultura mato-grossense. Que ela siga sendo constru\u00edda por muitas m\u00e3os\u201d, concluiu Beto no ato simb\u00f3lico da entrega oficial do relat\u00f3rio final da CST da Cultura ao Poder Executivo\u201d, conclui Beto Dois a Um.<\/p>\n","protected":false},"excerpt":{"rendered":"<p>Com a finalidade de discutir e propor melhorias estruturais \u00e0 pol\u00edtica cultural de MT o parlamentar apresentou o relat\u00f3rio final da CST e entregou a minuta da lei ao Executivo <\/p>\n","protected":false},"author":2,"featured_media":11609,"comment_status":"open","ping_status":"open","sticky":false,"template":"","format":"standard","meta":{"_acf_changed":false,"footnotes":""},"categories":[27,67,21],"tags":[],"municipio":[],"class_list":["post-11608","post","type-post","status-publish","format-standard","has-post-thumbnail","hentry","category-carrousel","category-cst-cultura","category-cultura"],"acf":[],"_links":{"self":[{"href":"https:\/\/betodoisaum.com.br\/site\/wp-json\/wp\/v2\/posts\/11608","targetHints":{"allow":["GET"]}}],"collection":[{"href":"https:\/\/betodoisaum.com.br\/site\/wp-json\/wp\/v2\/posts"}],"about":[{"href":"https:\/\/betodoisaum.com.br\/site\/wp-json\/wp\/v2\/types\/post"}],"author":[{"embeddable":true,"href":"https:\/\/betodoisaum.com.br\/site\/wp-json\/wp\/v2\/users\/2"}],"replies":[{"embeddable":true,"href":"https:\/\/betodoisaum.com.br\/site\/wp-json\/wp\/v2\/comments?post=11608"}],"version-history":[{"count":3,"href":"https:\/\/betodoisaum.com.br\/site\/wp-json\/wp\/v2\/posts\/11608\/revisions"}],"predecessor-version":[{"id":11612,"href":"https:\/\/betodoisaum.com.br\/site\/wp-json\/wp\/v2\/posts\/11608\/revisions\/11612"}],"wp:featuredmedia":[{"embeddable":true,"href":"https:\/\/betodoisaum.com.br\/site\/wp-json\/wp\/v2\/media\/11609"}],"wp:attachment":[{"href":"https:\/\/betodoisaum.com.br\/site\/wp-json\/wp\/v2\/media?parent=11608"}],"wp:term":[{"taxonomy":"category","embeddable":true,"href":"https:\/\/betodoisaum.com.br\/site\/wp-json\/wp\/v2\/categories?post=11608"},{"taxonomy":"post_tag","embeddable":true,"href":"https:\/\/betodoisaum.com.br\/site\/wp-json\/wp\/v2\/tags?post=11608"},{"taxonomy":"municipio","embeddable":true,"href":"https:\/\/betodoisaum.com.br\/site\/wp-json\/wp\/v2\/municipio?post=11608"}],"curies":[{"name":"wp","href":"https:\/\/api.w.org\/{rel}","templated":true}]}}