{"id":11613,"date":"2025-06-25T21:50:10","date_gmt":"2025-06-26T01:50:10","guid":{"rendered":"https:\/\/betodoisaum.com.br\/site\/?p=11613"},"modified":"2025-07-07T09:34:49","modified_gmt":"2025-07-07T13:34:49","slug":"me-sinto-cada-vez-mais-mato-grossense-diz-ministra-margareth-menezes-ao-receber-titulo-de-beto-dois-a-um","status":"publish","type":"post","link":"https:\/\/betodoisaum.com.br\/site\/me-sinto-cada-vez-mais-mato-grossense-diz-ministra-margareth-menezes-ao-receber-titulo-de-beto-dois-a-um\/","title":{"rendered":"\u201cEu me sinto cada vez mais mato-grossense\u201d, diz ministra ao receber t\u00edtulo de Beto Dois a Um"},"content":{"rendered":"\n<p>Emocionada, a ministra da Cultura, Margareth Menezes, recebeu das m\u00e3os do deputado Beto Dois a Um o t\u00edtulo de cidad\u00e3 mato-grossense. A honraria foi concedida durante a palestra da ministra, nesta quarta-feira (25.06), no Encontro de Gestores Estaduais da Cultura e do Esporte, promovido pela Secel-MT no Centro de Eventos do Pantanal. \u00a0<\/p>\n\n\n\n<p>\u201cEu n\u00e3o esperava isso. Eu me sinto cada vez mais mato-grossense, cada vez mais cuiabana. Sempre tive muita admira\u00e7\u00e3o por Mato Grosso. Hoje eu me emocionei algumas vezes, pois percebi algo a mais na fala das pessoas quando o assunto \u00e9 cultura. Enfim, \u00e9 uma grande honra, n\u00e3o tem como n\u00e3o se emocionar\u201d, disse com os olhos marejados.<\/p>\n\n\n\n<p>O deputado Beto Dois a Um, em conson\u00e2ncia com o Encontro de Gestores, falou sobre a import\u00e2ncia da ministra em Mato Grosso, justamente durante o evento dedicado \u00e0 classe cultural. &nbsp;&nbsp;<\/p>\n\n\n\n<p>\u201cN\u00e3o posso deixar de ressaltar a humildade com a qual Margareth manuseia sua grandeza. E como a presen\u00e7a dela em Mato Grosso valida tudo que todo mundo aqui est\u00e1 fazendo pela cultura do estado. \u00c9 em nome da Assembleia Legislativa que tenho a honra de conceder esse T\u00edtulo de Cidad\u00e3 Mato-grossenses\u201d, destaca Beto Dois a Um.<\/p>\n\n\n\n<p>Entes de encerrar, a ministra ainda cantou, \u00e0 capela, um trecho da can\u00e7\u00e3o \u201cCuiab\u00e1\u201d, de Tet\u00ea Espindola, gravada em 1982. Foi ovacionada. <\/p>\n\n\n\n<p>\u201cPelo que ela cantava na m\u00fasica eu ficava imaginando como seria Cuiab\u00e1, na \u00e9poca eu n\u00e3o conhecia a cidade ainda e toda sua for\u00e7a da natureza. A can\u00e7\u00e3o diz assim: Vaia de arara passa pelos ares daqui pra &#8216;li, fica no olhar a flutuar o leque dos buritis, se abre sobre a cidade verde o c\u00e9u de anil no cora\u00e7\u00e3o da Am\u00e9rica, terra de \u00f3cio de sol e rio, Cuiab\u00e1 de onde se ouviu som de \u00edndio cantando \u00e0 beira do rio Cuiab\u00e1, de onde se v\u00ea cuia \u00e0 be\u00e7a caba\u00e7a de cuiet\u00ea\u201d.<\/p>\n\n\n\n<p><\/p>\n\n\n\n<p><\/p>\n","protected":false},"excerpt":{"rendered":"<p>A honraria foi concedida \u00e0 ministra da Cultura, Margareth Menezes, durante sua palestra no Encontro de Gestores <\/p>\n","protected":false},"author":2,"featured_media":11615,"comment_status":"open","ping_status":"open","sticky":false,"template":"","format":"standard","meta":{"_acf_changed":false,"footnotes":""},"categories":[27,21],"tags":[],"municipio":[],"class_list":["post-11613","post","type-post","status-publish","format-standard","has-post-thumbnail","hentry","category-carrousel","category-cultura"],"acf":[],"_links":{"self":[{"href":"https:\/\/betodoisaum.com.br\/site\/wp-json\/wp\/v2\/posts\/11613","targetHints":{"allow":["GET"]}}],"collection":[{"href":"https:\/\/betodoisaum.com.br\/site\/wp-json\/wp\/v2\/posts"}],"about":[{"href":"https:\/\/betodoisaum.com.br\/site\/wp-json\/wp\/v2\/types\/post"}],"author":[{"embeddable":true,"href":"https:\/\/betodoisaum.com.br\/site\/wp-json\/wp\/v2\/users\/2"}],"replies":[{"embeddable":true,"href":"https:\/\/betodoisaum.com.br\/site\/wp-json\/wp\/v2\/comments?post=11613"}],"version-history":[{"count":5,"href":"https:\/\/betodoisaum.com.br\/site\/wp-json\/wp\/v2\/posts\/11613\/revisions"}],"predecessor-version":[{"id":11623,"href":"https:\/\/betodoisaum.com.br\/site\/wp-json\/wp\/v2\/posts\/11613\/revisions\/11623"}],"wp:featuredmedia":[{"embeddable":true,"href":"https:\/\/betodoisaum.com.br\/site\/wp-json\/wp\/v2\/media\/11615"}],"wp:attachment":[{"href":"https:\/\/betodoisaum.com.br\/site\/wp-json\/wp\/v2\/media?parent=11613"}],"wp:term":[{"taxonomy":"category","embeddable":true,"href":"https:\/\/betodoisaum.com.br\/site\/wp-json\/wp\/v2\/categories?post=11613"},{"taxonomy":"post_tag","embeddable":true,"href":"https:\/\/betodoisaum.com.br\/site\/wp-json\/wp\/v2\/tags?post=11613"},{"taxonomy":"municipio","embeddable":true,"href":"https:\/\/betodoisaum.com.br\/site\/wp-json\/wp\/v2\/municipio?post=11613"}],"curies":[{"name":"wp","href":"https:\/\/api.w.org\/{rel}","templated":true}]}}