{"id":11666,"date":"2025-09-09T12:10:05","date_gmt":"2025-09-09T16:10:05","guid":{"rendered":"https:\/\/betodoisaum.com.br\/site\/?p=11666"},"modified":"2025-09-25T10:44:40","modified_gmt":"2025-09-25T14:44:40","slug":"beto-dois-a-um-concede-mocao-de-aplausos-a-professores-e-colaboradores-do-instituto-ciranda-nesta-quinta-feira-18","status":"publish","type":"post","link":"https:\/\/betodoisaum.com.br\/site\/beto-dois-a-um-concede-mocao-de-aplausos-a-professores-e-colaboradores-do-instituto-ciranda-nesta-quinta-feira-18\/","title":{"rendered":"22 anos de ensino musical: Instituto Ciranda recebe honrarias do deputado Beto Dois a Um na segunda-feira (29)"},"content":{"rendered":"\n<p>Na pr\u00f3xima segunda-feira (29.09), a partir das 17h, a tradicional Casa de Bembem, localizada no Centro Hist\u00f3rico de Cuiab\u00e1, abrigar\u00e1 Cerim\u00f4nia Especial da Assembleia Legislativa de Mato Grosso para celebrar os 22 anos de atividades do Instituto Ciranda \u2013 M\u00fasica e Cidadania.<\/p>\n\n\n\n<p>Idealizada pelo deputado Beto Dois a Um, a Cerim\u00f4nia Especial de Mo\u00e7\u00e3o de Aplausos ser\u00e1 outorgada aos 46 professores e colaboradores da escola social de m\u00fasica mais longeva de Mato Grosso.<\/p>\n\n\n\n<p>\u201cA m\u00fasica \u00e9 uma importante ferramenta de transforma\u00e7\u00e3o social e o Instituto Ciranda \u00e9 um verdadeiro patrim\u00f4nio cultural de Mato Grosso, um projeto que me encanta desde sempre. Milhares de jovens e crian\u00e7as j\u00e1 passaram por l\u00e1, onde aprendem a tocar instrumentos de orquestra sem custo algum. Muitos deles j\u00e1 integram orquestras importantes pelo Brasil, outros ingressaram em conceituadas faculdades de m\u00fasica, inclusive no exterior. Parte das novas gera\u00e7\u00f5es de instrumentistas em Mato Grosso vem de l\u00e1\u201d, destaca Beto Dois a Um.<\/p>\n\n\n\n<p>O Instituto Ciranda atende atualmente cerca de 800 crian\u00e7as, adolescentes e jovens oriundos de diversas classes sociais e regi\u00f5es de cada cidade. Com atividades focadas na escola social de m\u00fasica, m\u00e9todo de ensino pr\u00f3prio e 20 modalidades educacionais em Mato Grosso, o Instituto Ciranda desenvolve suas a\u00e7\u00f5es desde o ano de 2003. Com sede localizada em Cuiab\u00e1, tamb\u00e9m atende nos polos de Chapada dos Guimar\u00e3es, na comunidade de Jo\u00e3o Carro e nos munic\u00edpios de Rondon\u00f3polis e Pocon\u00e9.<\/p>\n\n\n\n<p>\u201cTemos que valorizar e reconhecer a contribui\u00e7\u00e3o das pessoas que, em Mato Grosso, se dedicam ao ensino musical, investem na cidadania e contribuem para uma sociedade mais justa e igualit\u00e1ria, e a arte \u00e9, sem d\u00favidas, uma poderosa ferramenta de transforma\u00e7\u00e3o social. \u00c9 um privil\u00e9gio poder homenagear pessoas que dedicam suas vidas, divulgando a cultura e transmitem conhecimento, ensinando, criando e produzindo espet\u00e1culos, formando assim novas plateias. Essas pessoas mostram que, com seu trabalho, a cultura \u00e9 um poderoso instrumento de forma\u00e7\u00e3o, fonte de renda e potente aliada do poder p\u00fablico na promo\u00e7\u00e3o da cidadania\u201d, destaca Beto.<\/p>\n\n\n\n<p>Como resultado art\u00edstico, o Instituto Ciranda mant\u00e9m sua pr\u00f3pria orquestra sinf\u00f4nica em plena atividade, com temporadas bem definidas h\u00e1 mais de uma d\u00e9cada e o firme prop\u00f3sito na democratiza\u00e7\u00e3o do acesso \u00e0 m\u00fasica de concerto. Suas temporadas art\u00edsticas ocasionam na forma\u00e7\u00e3o de novas plateias, profissionaliza\u00e7\u00e3o de m\u00fasicos instrumentistas, e gera\u00e7\u00e3o de emprego e renda.<\/p>\n\n\n\n<p>\u201cDesde muito cedo, al\u00e9m das aulas de instrumentos, os alunos s\u00e3o envolvidos em pr\u00e1ticas musicais coletivas nas orquestras Cirandadinha, Primeira Ciranda e CirandaMundo. Isso cria todo um movimento consciente rumo \u00e0s novas etapas e desafios inerentes ao processo de desenvolvimento musical\u201d, relata Murilo Alves, presidente do Instituto e maestro.<\/p>\n\n\n\n<p>Sob o prisma t\u00e9cnico, com aulas de instrumento e forte atua\u00e7\u00e3o por meio das pr\u00e1ticas musicais coletivas, desde sua cria\u00e7\u00e3o, o Instituto Ciranda tem conseguido, de diversas maneiras, inserir jovens no mercado de trabalho.<\/p>\n\n\n\n<p>\u201cNum amplo processo de multiplica\u00e7\u00e3o, parte das primeiras gera\u00e7\u00f5es de instrumentistas formada pelo Instituto Ciranda, hoje, ensina para novas gera\u00e7\u00f5es de m\u00fasicos, dando continuidade a um processo necess\u00e1rio de acesso \u00e0 cultura e a arte com consolidado desdobramento em desenvolvimento humano pleno e importante legado cultural\u201d, conclui o maestro Murilo.<\/p>\n\n\n\n<p>Al\u00e9m de mo\u00e7\u00f5es de aplausos para professores e colaboradores, o maestro Murilo Alves, nascido no estado do Paran\u00e1, radicado em Mato Grosso desde a d\u00e9cada de 80, receber\u00e1 T\u00edtulo de Cidad\u00e3o Mato-grossense, al\u00e9m da Medalha Lenine P\u00f3voas de Honra ao M\u00e9rito Cultural. <\/p>\n\n\n\n<p><strong>Servi\u00e7o<\/strong><\/p>\n\n\n\n<p>Sess\u00e3o Especial em homenagem aos 22 anos de atividades do Instituto Ciranda<br>Data: 29 de setembro de 2025<br>Hor\u00e1rio: 17h, quinta-feira<br>Local: Casa de Bembem (Rua Bar\u00e3o de Melga\u00e7o, 3963, Centro)<\/p>\n\n\n\n<p><\/p>\n\n\n\n<p><\/p>\n","protected":false},"excerpt":{"rendered":"<p>Professores e colaboradores da escola social de m\u00fasica mais longeva de MT receber\u00e3o Mo\u00e7\u00e3o de Aplausos na Sess\u00e3o Especial que ocorrer\u00e1 na tradicional Casa de Bembem, no Centro Hist\u00f3rico de Cuiab\u00e1<\/p>\n","protected":false},"author":2,"featured_media":11667,"comment_status":"open","ping_status":"open","sticky":false,"template":"","format":"standard","meta":{"_acf_changed":false,"footnotes":""},"categories":[27,21,14,20,11,73],"tags":[35,46,48],"municipio":[65],"class_list":["post-11666","post","type-post","status-publish","format-standard","has-post-thumbnail","hentry","category-carrousel","category-cultura","category-educacao","category-inclusao","category-noticias","category-social","tag-assembleia-legislativa","tag-cultura","tag-inclusao","municipio-cuiaba"],"acf":[],"_links":{"self":[{"href":"https:\/\/betodoisaum.com.br\/site\/wp-json\/wp\/v2\/posts\/11666","targetHints":{"allow":["GET"]}}],"collection":[{"href":"https:\/\/betodoisaum.com.br\/site\/wp-json\/wp\/v2\/posts"}],"about":[{"href":"https:\/\/betodoisaum.com.br\/site\/wp-json\/wp\/v2\/types\/post"}],"author":[{"embeddable":true,"href":"https:\/\/betodoisaum.com.br\/site\/wp-json\/wp\/v2\/users\/2"}],"replies":[{"embeddable":true,"href":"https:\/\/betodoisaum.com.br\/site\/wp-json\/wp\/v2\/comments?post=11666"}],"version-history":[{"count":12,"href":"https:\/\/betodoisaum.com.br\/site\/wp-json\/wp\/v2\/posts\/11666\/revisions"}],"predecessor-version":[{"id":11690,"href":"https:\/\/betodoisaum.com.br\/site\/wp-json\/wp\/v2\/posts\/11666\/revisions\/11690"}],"wp:featuredmedia":[{"embeddable":true,"href":"https:\/\/betodoisaum.com.br\/site\/wp-json\/wp\/v2\/media\/11667"}],"wp:attachment":[{"href":"https:\/\/betodoisaum.com.br\/site\/wp-json\/wp\/v2\/media?parent=11666"}],"wp:term":[{"taxonomy":"category","embeddable":true,"href":"https:\/\/betodoisaum.com.br\/site\/wp-json\/wp\/v2\/categories?post=11666"},{"taxonomy":"post_tag","embeddable":true,"href":"https:\/\/betodoisaum.com.br\/site\/wp-json\/wp\/v2\/tags?post=11666"},{"taxonomy":"municipio","embeddable":true,"href":"https:\/\/betodoisaum.com.br\/site\/wp-json\/wp\/v2\/municipio?post=11666"}],"curies":[{"name":"wp","href":"https:\/\/api.w.org\/{rel}","templated":true}]}}