{"id":11862,"date":"2025-10-29T14:51:24","date_gmt":"2025-10-29T18:51:24","guid":{"rendered":"https:\/\/betodoisaum.com.br\/site\/?p=11862"},"modified":"2025-10-29T15:01:58","modified_gmt":"2025-10-29T19:01:58","slug":"onibus-para-pacientes-do-nortao-e-garantido-por-articulacao-de-fabio-e-beto","status":"publish","type":"post","link":"https:\/\/betodoisaum.com.br\/site\/onibus-para-pacientes-do-nortao-e-garantido-por-articulacao-de-fabio-e-beto\/","title":{"rendered":"\u00d4nibus para pacientes do nort\u00e3o \u00e9 garantido por articula\u00e7\u00e3o de F\u00e1bio e Beto"},"content":{"rendered":"\n<p><\/p>\n\n\n\n<p><\/p>\n\n\n\n<p>A sa\u00fade p\u00fablica da regi\u00e3o Norte de Mato Grosso contar\u00e1 com \u00f4nibus novo para transporte de pacientes. Isso porque foi confirmado o incremento de <strong>R$ 850 mil<\/strong> ao <strong>Cons\u00f3rcio Intermunicipal de Sa\u00fade da Regi\u00e3o Norte Mato-Grossense<\/strong>, recurso articulado pelo deputado estadual <strong>Beto Dois a Um<\/strong> em parceria com o secret\u00e1rio da Casa Civil, <strong>F\u00e1bio Garcia<\/strong>, junto ao Governo do Estado.<\/p>\n\n\n\n<p>O investimento, que se soma a <strong>R$ 1 milh\u00e3o j\u00e1 destinados para custear cirurgias ortop\u00e9dicas, oftalmol\u00f3gicas e consultas especializadas<\/strong>, permitir\u00e1 a aquisi\u00e7\u00e3o de um <strong>\u00f4nibus totalmente equipado<\/strong> para o transporte de pacientes dos munic\u00edpios consorciados <strong>Col\u00edder, Ita\u00faba, Marcel\u00e2ndia, Nova Cana\u00e3 do Norte, Nova Guarita e Nova Santa Helena<\/strong>.<\/p>\n\n\n\n<p>O ve\u00edculo ser\u00e1 utilizado para levar pacientes at\u00e9 centros de atendimento e hospitais de refer\u00eancia, garantindo mais conforto, dignidade e acesso aos servi\u00e7os de sa\u00fade.<\/p>\n\n\n\n<p>\u201cEsse \u00f4nibus \u00e9 uma forma de oferecer um cuidado melhor \u00e0s pessoas que precisam se deslocar de onde moram para buscar atendimento de sa\u00fade. A gente sabe o quanto \u00e9 dif\u00edcil pra quem mora longe dos grandes centros ter que se deslocar pra um exame ou uma cirurgia. Com esse investimento, queremos dar mais dignidade e efici\u00eancia \u00e0 sa\u00fade da regi\u00e3o Norte\u201d, destacou o deputado <strong>Beto Dois a Um<\/strong>, ressaltando que a a\u00e7\u00e3o \u00e9 fruto do trabalho conjunto com o Governo Mauro Mendes e o secret\u00e1rio F\u00e1bio Garcia.<\/p>\n\n\n\n<p>Para o secret\u00e1rio <strong>F\u00e1bio Garcia<\/strong>, o investimento refor\u00e7a a vis\u00e3o de regionaliza\u00e7\u00e3o da sa\u00fade e a import\u00e2ncia da gest\u00e3o compartilhada. \u201cO Governo de Mato Grosso tem trabalhado para fortalecer os cons\u00f3rcios, que s\u00e3o fundamentais para levar o atendimento at\u00e9 quem mais precisa. Esse \u00e9 um modelo que d\u00e1 resultado, porque aproxima os munic\u00edpios e otimiza os recursos.\u201d<\/p>\n\n\n\n<p>A secret\u00e1ria executiva do Cons\u00f3rcio, <strong>Meury Sartori Bioto<\/strong>, celebrou o avan\u00e7o e lembrou que o novo \u00f4nibus vai impactar diretamente a vida de centenas de fam\u00edlias. \u201cHoje, muitos pacientes saem de madrugada, pegam carona ou vans improvisadas para conseguir chegar aos atendimentos. Agora, v\u00e3o poder viajar com mais seguran\u00e7a e conforto. \u00c9 um ganho enorme para todos.\u201d<\/p>\n\n\n\n<p>O presidente do Cons\u00f3rcio e prefeito de Ita\u00faba, <strong>Antonio Ferreira (Tijolinho)<\/strong>, refor\u00e7ou que a chegada do \u00f4nibus \u00e9 fruto da uni\u00e3o entre o Estado e os munic\u00edpios. \u201c\u00c9 quando a boa pol\u00edtica acontece, com di\u00e1logo, parceria e entrega. Esse \u00f4nibus representa o esfor\u00e7o de todos para que a popula\u00e7\u00e3o tenha um atendimento mais humano.\u201d<\/p>\n\n\n\n<p>Na mesma linha, o vice-presidente do Cons\u00f3rcio e prefeito de Nova Cana\u00e3 do Norte, <strong>Allison Vinicius de Oliveira<\/strong>, destacou o impacto regional. \u201cEsse investimento n\u00e3o \u00e9 s\u00f3 pra um munic\u00edpio, \u00e9 pra toda uma regi\u00e3o. S\u00e3o vidas sendo beneficiadas, fam\u00edlias que v\u00e3o poder se cuidar com mais dignidade. Isso \u00e9 transformar a realidade de quem mais precisa&#8221;, finalizou.<\/p>\n\n\n\n<p><\/p>\n","protected":false},"excerpt":{"rendered":"<p>O ve\u00edculo ser\u00e1 utilizado para levar pacientes at\u00e9 centros de atendimento e hospitais de refer\u00eancia, garantindo mais conforto, dignidade e acesso aos servi\u00e7os de sa\u00fade.<\/p>\n","protected":false},"author":9,"featured_media":11864,"comment_status":"open","ping_status":"open","sticky":false,"template":"","format":"standard","meta":{"_acf_changed":false,"footnotes":""},"categories":[27,11],"tags":[],"municipio":[],"class_list":["post-11862","post","type-post","status-publish","format-standard","has-post-thumbnail","hentry","category-carrousel","category-noticias"],"acf":[],"_links":{"self":[{"href":"https:\/\/betodoisaum.com.br\/site\/wp-json\/wp\/v2\/posts\/11862","targetHints":{"allow":["GET"]}}],"collection":[{"href":"https:\/\/betodoisaum.com.br\/site\/wp-json\/wp\/v2\/posts"}],"about":[{"href":"https:\/\/betodoisaum.com.br\/site\/wp-json\/wp\/v2\/types\/post"}],"author":[{"embeddable":true,"href":"https:\/\/betodoisaum.com.br\/site\/wp-json\/wp\/v2\/users\/9"}],"replies":[{"embeddable":true,"href":"https:\/\/betodoisaum.com.br\/site\/wp-json\/wp\/v2\/comments?post=11862"}],"version-history":[{"count":4,"href":"https:\/\/betodoisaum.com.br\/site\/wp-json\/wp\/v2\/posts\/11862\/revisions"}],"predecessor-version":[{"id":11869,"href":"https:\/\/betodoisaum.com.br\/site\/wp-json\/wp\/v2\/posts\/11862\/revisions\/11869"}],"wp:featuredmedia":[{"embeddable":true,"href":"https:\/\/betodoisaum.com.br\/site\/wp-json\/wp\/v2\/media\/11864"}],"wp:attachment":[{"href":"https:\/\/betodoisaum.com.br\/site\/wp-json\/wp\/v2\/media?parent=11862"}],"wp:term":[{"taxonomy":"category","embeddable":true,"href":"https:\/\/betodoisaum.com.br\/site\/wp-json\/wp\/v2\/categories?post=11862"},{"taxonomy":"post_tag","embeddable":true,"href":"https:\/\/betodoisaum.com.br\/site\/wp-json\/wp\/v2\/tags?post=11862"},{"taxonomy":"municipio","embeddable":true,"href":"https:\/\/betodoisaum.com.br\/site\/wp-json\/wp\/v2\/municipio?post=11862"}],"curies":[{"name":"wp","href":"https:\/\/api.w.org\/{rel}","templated":true}]}}