{"id":11887,"date":"2025-11-17T08:41:52","date_gmt":"2025-11-17T12:41:52","guid":{"rendered":"https:\/\/betodoisaum.com.br\/site\/?p=11887"},"modified":"2025-11-17T10:05:17","modified_gmt":"2025-11-17T14:05:17","slug":"beto-dois-a-um-entrega-ambulancia-na-regiao-do-pantanal-que-vai-assistir-mais-de-5-mil-pessoas","status":"publish","type":"post","link":"https:\/\/betodoisaum.com.br\/site\/beto-dois-a-um-entrega-ambulancia-na-regiao-do-pantanal-que-vai-assistir-mais-de-5-mil-pessoas\/","title":{"rendered":"Ambul\u00e2ncia entregue por Beto Dois a Um vai assistir mais de 5 mil pessoas no Pantanal"},"content":{"rendered":"\n<p><\/p>\n\n\n\n<p>Mais uma ambul\u00e2ncia foi entregue, dessa vez o deputado Beto Dois a Um contemplou a regi\u00e3o do Alto Pantanal com um ve\u00edculo moderno e muito bem equipado, que atender\u00e1 parte da mesorregi\u00e3o Centro-Sul de Mato Grosso.<\/p>\n\n\n\n<p>Acolhendo o pedido do vereador Domingos, de C\u00e1ceres, a ambul\u00e2ncia atender\u00e1 sete assentamentos. Corixinha, Catira, Bom Sucesso, Jatob\u00e1, Nova Esperan\u00e7a, Alegria e Barranqueira, al\u00e9m das comunidades rurais Clarin\u00f3polis e Lim\u00e3o. &nbsp;<\/p>\n\n\n\n<p>\u201cEssa ambul\u00e2ncia representa mais cuidado, dignidade e respeito ao povo de C\u00e1ceres, especialmente \u00e0s comunidades rurais. Parece algo simples, entregar uma ambul\u00e2ncia, mas essa simples a\u00e7\u00e3o materializa tudo que eu acredito. Foi para isso que entrei na pol\u00edtica, para fazer diferen\u00e7a e transformar a vida das pessoas\u201d, comemora Beto Dois a Um.<\/p>\n\n\n\n<p>Mais de 5 mil pessoas entre brasileiros e bolivianos que vivem na regi\u00e3o de fronteira estar\u00e3o assistidas com a chegada do novo equipamento de sa\u00fade. &nbsp;<\/p>\n\n\n\n<p>\u201cEssa ambul\u00e2ncia vai amenizar muitas dores, evitar muita afli\u00e7\u00e3o e salvar muitas vidas. N\u00e3o significa apenas a aquisi\u00e7\u00e3o de um ve\u00edculo, \u00e9 muito mais que isso, \u00e9 um marco de comprometimento e respeito pela popula\u00e7\u00e3o que mais necessita de cuidados. Nossa regi\u00e3o aqui, formada por sete assentamentos e duas comunidades carentes, t\u00eam muitas necessidades ainda, mas esse \u00e9 um passo importante para uma vida mais segura e digna\u201d, destaca o vereador Domingos.<\/p>\n\n\n\n<p>Tamb\u00e9m acompanharam a entrega o vice-prefeito Luiz Landim e o secret\u00e1rio municipal de Sa\u00fade, Cl\u00e1udio Henrique Donatoni, que destacou o impacto do novo equipamento para o fluxo de atendimentos. Os vereadores Domingos Oliveira \u2013 que fez a indica\u00e7\u00e3o, Isaias Bezerra e Valden\u00edria Dutra representaram o Legislativo cacerense. Para o secret\u00e1rio de Sa\u00fade de C\u00e1ceres, a ambul\u00e2ncia marca um passo importante para a sa\u00fade b\u00e1sica da regi\u00e3o.<\/p>\n\n\n\n<p>\u201cUm feito da prefeitura municipal e do deputado Beto Dois a Um, que viabilizou o recurso para tornar a aquisi\u00e7\u00e3o dessa ambul\u00e2ncia poss\u00edvel. Uma ambul\u00e2ncia muito importante para regi\u00e3o, um ve\u00edculo completo, totalmente preparado para um bom atendimento \u00e0 popula\u00e7\u00e3o\u201d, secret\u00e1rio de Sa\u00fade de C\u00e1ceres, Claudio Henrique Donatoni.<\/p>\n\n\n\n<p><strong>Sem ambul\u00e2ncia, emerg\u00eancias eram atendidas por moradores <\/strong><\/p>\n\n\n\n<p>Para Rosimeire Siqueira, moradora da comunidade Corixa, a 95 quil\u00f4metros de C\u00e1ceres, o novo equipamento vai diminuir em 50% o tempo de atendimento de uma ocorr\u00eancia.  <\/p>\n\n\n\n<p>&#8220;Por ser uma comunidade distante do socorro da cidade, uma ambul\u00e2ncia aqui vai diminuir muito as dificuldades de atendimento, e vai atender bem todos os assentamentos da regi\u00e3o de fronteira. Um economia de dist\u00e2ncia, era muito complicado uma ambul\u00e2ncia vir de C\u00e1ceres e voltar. Com a ambul\u00e2ncia aqui, significa uma economia de 50 % do tempo de atendimento&#8221;, explica.<\/p>\n\n\n\n<p>Ela ressalta ainda que sem a ambul\u00e2ncia a servi\u00e7o das comunidades e assentamentos, o atendimento de emerg\u00eancia tinha que ser realizado pelos pr\u00f3prios moradores. Agora, com a ambul\u00e2ncia a disposi\u00e7\u00e3o, ser\u00e3o evitadas muitas trag\u00e9dias e sofrimento. <\/p>\n\n\n\n<p>\u201cAno passado, um rapaz sofreu um acidente e, por falta de uma ambul\u00e2ncia para fazer o socorro, eu mesma precisei socorr\u00ea-lo. Mesmo sem nenhum treinamento, tive que optar em tentar salvar a vida dele ou deix\u00e1-lo morrer. Sozinha, n\u00e3o pensei duas vezes, fiz o que pude. Dessa vez deu certo, mas se tiv\u00e9ssemos uma ambul\u00e2ncia \u00e0 disposi\u00e7\u00e3o, n\u00e3o precisar\u00edamos passar por isso. Em outra situa\u00e7\u00e3o, um senhor teve um infarto. Nesse caso, sem atendimento de primeiros socorros especializado, sem um ve\u00edculo para tentar socorr\u00ea-lo, acabamos perdendo um parceiro da comunidade\u201d, relata Rosimeire. <\/p>\n\n\n\n<p><\/p>\n","protected":false},"excerpt":{"rendered":"<p>Acolhendo o pedido do vereador Domingos, de C\u00e1ceres, a ambul\u00e2ncia atender\u00e1 sete assentamentos e duas comunidades rurais<\/p>\n","protected":false},"author":2,"featured_media":11902,"comment_status":"open","ping_status":"open","sticky":false,"template":"","format":"standard","meta":{"_acf_changed":false,"footnotes":""},"categories":[27,18],"tags":[35,48,37],"municipio":[],"class_list":["post-11887","post","type-post","status-publish","format-standard","has-post-thumbnail","hentry","category-carrousel","category-saude","tag-assembleia-legislativa","tag-inclusao","tag-politica"],"acf":[],"_links":{"self":[{"href":"https:\/\/betodoisaum.com.br\/site\/wp-json\/wp\/v2\/posts\/11887","targetHints":{"allow":["GET"]}}],"collection":[{"href":"https:\/\/betodoisaum.com.br\/site\/wp-json\/wp\/v2\/posts"}],"about":[{"href":"https:\/\/betodoisaum.com.br\/site\/wp-json\/wp\/v2\/types\/post"}],"author":[{"embeddable":true,"href":"https:\/\/betodoisaum.com.br\/site\/wp-json\/wp\/v2\/users\/2"}],"replies":[{"embeddable":true,"href":"https:\/\/betodoisaum.com.br\/site\/wp-json\/wp\/v2\/comments?post=11887"}],"version-history":[{"count":7,"href":"https:\/\/betodoisaum.com.br\/site\/wp-json\/wp\/v2\/posts\/11887\/revisions"}],"predecessor-version":[{"id":11903,"href":"https:\/\/betodoisaum.com.br\/site\/wp-json\/wp\/v2\/posts\/11887\/revisions\/11903"}],"wp:featuredmedia":[{"embeddable":true,"href":"https:\/\/betodoisaum.com.br\/site\/wp-json\/wp\/v2\/media\/11902"}],"wp:attachment":[{"href":"https:\/\/betodoisaum.com.br\/site\/wp-json\/wp\/v2\/media?parent=11887"}],"wp:term":[{"taxonomy":"category","embeddable":true,"href":"https:\/\/betodoisaum.com.br\/site\/wp-json\/wp\/v2\/categories?post=11887"},{"taxonomy":"post_tag","embeddable":true,"href":"https:\/\/betodoisaum.com.br\/site\/wp-json\/wp\/v2\/tags?post=11887"},{"taxonomy":"municipio","embeddable":true,"href":"https:\/\/betodoisaum.com.br\/site\/wp-json\/wp\/v2\/municipio?post=11887"}],"curies":[{"name":"wp","href":"https:\/\/api.w.org\/{rel}","templated":true}]}}