{"id":11904,"date":"2025-11-17T15:06:33","date_gmt":"2025-11-17T19:06:33","guid":{"rendered":"https:\/\/betodoisaum.com.br\/site\/?p=11904"},"modified":"2025-11-18T09:54:05","modified_gmt":"2025-11-18T13:54:05","slug":"creche-atendera150-criancas-de-tabapora-e-gestores-agradecem-apoio-de-deputado","status":"publish","type":"post","link":"https:\/\/betodoisaum.com.br\/site\/creche-atendera150-criancas-de-tabapora-e-gestores-agradecem-apoio-de-deputado\/","title":{"rendered":"Creche atender\u00e1 150 crian\u00e7as de Tabapor\u00e3 e gestores agradecem apoio de deputado"},"content":{"rendered":"\n<p><\/p>\n\n\n\n<p>&#8220;Estamos realizando um sonho&#8221;. \u00c9 como o prefeito de Tabapor\u00e3, Carlos Borchardt, definiu a assinatura da ordem para constru\u00e7\u00e3o da Creche Municipal Yuri Eduardo de Andrade Santana, na sexta-feira (14). Ao todo, o investimento \u00e9 de R$ 2.861.994,08, sendo R$ 2.844.482,16 destinados pelo Governo do Estado por meio da Seduc e R$ 17.511,92 de contrapartida do munic\u00edpio. A unidade deve atender, inicialmente, pelo menos 150 crian\u00e7as, ampliando a oferta de vagas e garantindo mais conforto e seguran\u00e7a \u00e0s fam\u00edlias.<\/p>\n\n\n\n<p>A obra \u00e9 resultado de uma articula\u00e7\u00e3o conjunta entre o prefeito Carlos Borchardt, o presidente da C\u00e2mara Municipal, Thanys de Paula, e o deputado estadual Beto Dois a Um, que levou a demanda ao Governo do Estado e acompanhou cada etapa at\u00e9 a autoriza\u00e7\u00e3o final. <\/p>\n\n\n\n<p>O prefeito Carlos destacou o impacto social da nova creche para Tabapor\u00e3. \u201cS\u00e3o mais de 150 crian\u00e7as que ter\u00e3o um espa\u00e7o adequado para aprender, brincar e se desenvolver. Agrade\u00e7o ao deputado Beto por ter abra\u00e7ado essa causa e ao Governo do Estado por reconhecer a import\u00e2ncia dessa obra para o nosso munic\u00edpio.\u201d<\/p>\n\n\n\n<p>Para o presidente da C\u00e2mara, Thanys de Paula, a conquista refor\u00e7a a import\u00e2ncia da uni\u00e3o pol\u00edtica em favor da popula\u00e7\u00e3o. \u201cBuscamos o deputado com a certeza de que ele faria essa ponte com o Governo do Estado e fez. Quero destacar tamb\u00e9m a participa\u00e7\u00e3o dos meus colegas de parlamento vereadores Raquel, Fusquinha, Maur\u00edcio Viola e Celsinho, que tamb\u00e9m trabalharam muito por essa demanda. Hoje, Tabapor\u00e3 celebra porque o trabalho conjunto d\u00e1 resultado. Quem ganha s\u00e3o as fam\u00edlias, especialmente as m\u00e3es que precisam desse apoio para trabalhar com mais tranquilidade.\u201d<\/p>\n\n\n\n<p>O deputado estadual Beto Dois a Um ressaltou o compromisso com o desenvolvimento da regi\u00e3o e o papel do Estado em garantir avan\u00e7os estruturantes na educa\u00e7\u00e3o.<\/p>\n\n\n\n<p>\u201cTabapor\u00e3 merece essa entrega. A creche vai mudar a rotina de muitas fam\u00edlias e oferecer mais qualidade de vida para nossas crian\u00e7as. Parab\u00e9ns ao prefeito Carlos e ao presidente Thanys pela sensibilidade e pelo empenho. E meu agradecimento ao governador Mauro Mendes, ao vice-governador Otaviano Pivetta e ao secret\u00e1rio Alan Porto, que mais uma vez demonstram responsabilidade com a educa\u00e7\u00e3o e respeito com os munic\u00edpios&#8221;, finalizou.<\/p>\n","protected":false},"excerpt":{"rendered":"<p>A obra \u00e9 resultado de uma articula\u00e7\u00e3o conjunta entre o prefeito Carlos Borchardt, o presidente da C\u00e2mara Municipal, Thanys de Paula, e o deputado estadual Beto Dois a Um, que levou a demanda ao Governo do Estado e acompanhou cada etapa at\u00e9 a autoriza\u00e7\u00e3o final.<\/p>\n","protected":false},"author":9,"featured_media":11905,"comment_status":"open","ping_status":"open","sticky":false,"template":"","format":"standard","meta":{"_acf_changed":false,"footnotes":""},"categories":[27,11],"tags":[],"municipio":[],"class_list":["post-11904","post","type-post","status-publish","format-standard","has-post-thumbnail","hentry","category-carrousel","category-noticias"],"acf":[],"_links":{"self":[{"href":"https:\/\/betodoisaum.com.br\/site\/wp-json\/wp\/v2\/posts\/11904","targetHints":{"allow":["GET"]}}],"collection":[{"href":"https:\/\/betodoisaum.com.br\/site\/wp-json\/wp\/v2\/posts"}],"about":[{"href":"https:\/\/betodoisaum.com.br\/site\/wp-json\/wp\/v2\/types\/post"}],"author":[{"embeddable":true,"href":"https:\/\/betodoisaum.com.br\/site\/wp-json\/wp\/v2\/users\/9"}],"replies":[{"embeddable":true,"href":"https:\/\/betodoisaum.com.br\/site\/wp-json\/wp\/v2\/comments?post=11904"}],"version-history":[{"count":5,"href":"https:\/\/betodoisaum.com.br\/site\/wp-json\/wp\/v2\/posts\/11904\/revisions"}],"predecessor-version":[{"id":11911,"href":"https:\/\/betodoisaum.com.br\/site\/wp-json\/wp\/v2\/posts\/11904\/revisions\/11911"}],"wp:featuredmedia":[{"embeddable":true,"href":"https:\/\/betodoisaum.com.br\/site\/wp-json\/wp\/v2\/media\/11905"}],"wp:attachment":[{"href":"https:\/\/betodoisaum.com.br\/site\/wp-json\/wp\/v2\/media?parent=11904"}],"wp:term":[{"taxonomy":"category","embeddable":true,"href":"https:\/\/betodoisaum.com.br\/site\/wp-json\/wp\/v2\/categories?post=11904"},{"taxonomy":"post_tag","embeddable":true,"href":"https:\/\/betodoisaum.com.br\/site\/wp-json\/wp\/v2\/tags?post=11904"},{"taxonomy":"municipio","embeddable":true,"href":"https:\/\/betodoisaum.com.br\/site\/wp-json\/wp\/v2\/municipio?post=11904"}],"curies":[{"name":"wp","href":"https:\/\/api.w.org\/{rel}","templated":true}]}}