{"id":11963,"date":"2025-12-03T14:26:08","date_gmt":"2025-12-03T18:26:08","guid":{"rendered":"https:\/\/betodoisaum.com.br\/site\/?p=11963"},"modified":"2025-12-03T14:35:11","modified_gmt":"2025-12-03T18:35:11","slug":"instituto-incamtec-emociona-publico-e-lota-teatro-da-ufmt-com-beleza-cuiaba-mato-grosso-em-cena","status":"publish","type":"post","link":"https:\/\/betodoisaum.com.br\/site\/instituto-incamtec-emociona-publico-e-lota-teatro-da-ufmt-com-beleza-cuiaba-mato-grosso-em-cena\/","title":{"rendered":"Instituto Incamtec emociona p\u00fablico e lota Teatro da UFMT com \u201cBeleza Cuiab\u00e1 &#038; Mato Grosso em Cena\u201d"},"content":{"rendered":"\n<p><\/p>\n\n\n\n<p>O Teatro da Universidade Federal de Mato Grosso (UFMT) recebeu o duplo espet\u00e1culo \u201cBeleza Cuiab\u00e1 &amp; Mato Grosso em Cena\u201d, que uniu a for\u00e7a da Companhia de Dan\u00e7a Rodinei Barbosa \u00e0 performance c\u00eanica de Edmilson Maciel. Eles trouxeram ao palco uma exalta\u00e7\u00e3o vibrante \u00e0s ra\u00edzes, ritmos e hist\u00f3rias que moldam a identidade cultural de Mato Grosso, na noite desta segunda-feira, 1\u00ba de dezembro.<\/p>\n\n\n\n<p><br>Do in\u00edcio ao fim, o p\u00fablico foi envolvido por cores, musicalidade e narrativas que despertaram orgulho cuiabano e mantiveram a plateia atenta &#8211; e muitas vezes em p\u00e9 &#8211; durante 1h20 de apresenta\u00e7\u00e3o.<\/p>\n\n\n\n<p><br>A noite foi marcada por anima\u00e7\u00e3o e encanto: o rasqueado arrastou gente para dan\u00e7ar, a companhia distribuiu pix\u00e9, apresentou o guaran\u00e1 ralado e levou ao palco express\u00f5es que fazem parte do cotidiano regional. Uma entrega que emocionou e divertiu o p\u00fablico, refor\u00e7ando a for\u00e7a da identidade mato-grossense quando colocada na cena art\u00edstica.<\/p>\n\n\n\n<p><br>Para a presidente do Instituto Incamtec, Jane Santos de Fran\u00e7a, a noite mostra que a cultura mato-grossense tem espa\u00e7o para todos os dias da semana. &#8220;Esta noite \u00e9 a prova viva de que a cultura mato-grossense pulsa forte, emociona e transforma. Ver o Teatro da UFMT praticamente lotado em uma segunda-feira, com fam\u00edlias, jovens e admiradores da nossa arte, \u00e9 a maior confirma\u00e7\u00e3o de que estamos no caminho certo: valorizando aquilo que nos identifica e que nos une. O Instituto Incamtec tem muito orgulho de realizar este espet\u00e1culo duplo, que traz a for\u00e7a da Companhia de Dan\u00e7a Rodinei Barbosa e o talento gigantesco de Edmilson Maciel em uma celebra\u00e7\u00e3o da nossa cuiabania, das nossas hist\u00f3rias e das nossas ra\u00edzes. Cada gesto, cada dan\u00e7a, cada palavra dita no palco \u00e9 uma homenagem \u00e0 cultura que formou este estado e continua formando gera\u00e7\u00f5es&#8221;, pontuou.<\/p>\n\n\n\n<p><br>Mesmo em uma segunda-feira, o teatro ficou praticamente lotado, algo que, para os artistas, representa a resposta mais valiosa de quem vive da energia do p\u00fablico. \u201cA gente se satisfaz profissionalmente, mas se n\u00e3o vier o retorno da plateia, n\u00e3o est\u00e1 completo. Hoje eu estou muito feliz, porque a manifesta\u00e7\u00e3o e a energia do p\u00fablico chancelam o espet\u00e1culo como um sucesso\u201d, celebrou Edmilson Maciel.<\/p>\n\n\n\n<p><br>Para Rodinei Barbosa, dan\u00e7arino e core\u00f3grafo, a energia da plateia \u00e9 parte essencial do espet\u00e1culo, e o sucesso do show se deve ao p\u00fablico. \u201cTeve um momento em que ningu\u00e9m mais ficou sentado, todo mundo dan\u00e7ando junto. Essa \u00e9 a grande diferen\u00e7a da nossa companhia. Mostrar a beleza de Cuiab\u00e1 com o p\u00fablico participando \u00e9 sempre emocionante. Saio daqui radiante\u201d, contou.<\/p>\n\n\n\n<p><br>Entre dan\u00e7a, m\u00fasica e narra\u00e7\u00e3o de fatos culturais, o espet\u00e1culo consolidou o orgulho cuiabano e mostrou que a tradi\u00e7\u00e3o local continua viva, pulsante e capaz de encantar a todos que se permitem sentir a cultura de Mato Grosso.<\/p>\n\n\n\n<p><br>O m\u00e9dico e cantor Jo\u00e3o Eloy, o Doutor do Rasqueado, ressaltou a import\u00e2ncia hist\u00f3rica deste evento. \u201cAqui a cuiabania se sente viva, na m\u00fasica, na dan\u00e7a, no teatro, na universidade. Esse momento \u00e9 grandioso porque mant\u00e9m viva nossa tradi\u00e7\u00e3o, essa cultura que nasceu do nosso isolamento. Ent\u00e3o gerou aqui no \u00fatero do tempo uma cultura nova, aut\u00f3ctone que o Edmilson vai reviver muito bem no trabalho dele a\u00ed\u201d.<\/p>\n\n\n\n<p><br>Para o policial civil Adriano Leal, a noite refor\u00e7a o papel da cultura como ferramenta social importante: \u201cQuanto mais a gente consumir cultura, conhecimento e educa\u00e7\u00e3o, melhor a gente lida com as pessoas, com o crime e at\u00e9 com a nossa pr\u00f3pria prote\u00e7\u00e3o. Para n\u00f3s da seguran\u00e7a p\u00fablica isso \u00e9 fundamental, e quanto mais cedo o jovem tiver esse contato, melhor.\u201d<\/p>\n\n\n\n<p><br>Ele tamb\u00e9m destacou a iniciativa de realizar o espet\u00e1culo em dias alternativos. \u201c\u00c9 um hor\u00e1rio para todas as fam\u00edlias. Saiu do trabalho, passa aqui, traz os filhos. Quanto mais diversificado, mais inclusivo\u201d.<\/p>\n\n\n\n<p><br>Edmilson Filho, presente na plateia, era um dos bastantes jovens que marcaram presen\u00e7a no teatro, e refor\u00e7ou a dimens\u00e3o afetiva do evento: \u201c\u00c9 sempre uma grande satisfa\u00e7\u00e3o ver meu pai no palco. Cresci nesse meio, vivendo essa cultura, e tenho enorme apre\u00e7o por tudo isso. \u00c9 uma emo\u00e7\u00e3o dupla assistir a esse espet\u00e1culo\u201d.<\/p>\n\n\n\n<p><br>Al\u00e9m do aspecto cultural, o duplo espet\u00e1culo teve car\u00e1ter solid\u00e1rio. Cada ingresso foi trocado por 2 kg de alimento n\u00e3o perec\u00edvel, que ser\u00e3o destinados \u00e0 institui\u00e7\u00e3o Casas Caminho Redentor, localizada no bairro Nova Esperan\u00e7a I, em Cuiab\u00e1, que atende pessoas em situa\u00e7\u00e3o de extrema vulnerabilidade.<\/p>\n\n\n\n<p><br>\u201cFico imensamente feliz em apoiar um evento que une cultura, solidariedade e cuidado com as pessoas. Esse show, com Edmilson Maciel e a Cia de Dan\u00e7a Rodinei Barbosa, \u00e9 uma celebra\u00e7\u00e3o da beleza de Cuiab\u00e1 e de Mato Grosso, mas tamb\u00e9m \u00e9 um gesto de amor, cada ingresso vira alimento para quem mais precisa\u201d, disse o deputado Beto Dois a Um.<\/p>\n\n\n\n<p><br>A apresenta\u00e7\u00e3o encerrou a noite deixando a certeza de que Cuiab\u00e1 segue viva, pulsante e bem representada nos palcos \u2014 seja pela dan\u00e7a, pela voz, pela solidariedade ou pelas hist\u00f3rias que atravessam gera\u00e7\u00f5es.<\/p>\n\n\n\n<p><br><strong>Apoio e patroc\u00ednio <\/strong><\/p>\n\n\n\n<p><br>O evento \u00e9 realizado pelo Instituto Incamtec, via emenda do deputado estadual Beto Dois a Um (PSB), com apoio do Governo de Mato Grosso, da Assembleia Legislativa de Mato Grosso (ALMT), da Secretaria de Estado de Cultura, Esporte e Lazer (Secel-MT) e do deputado federal F\u00e1bio Garcia.<\/p>\n\n\n\n<p><\/p>\n\n\n\n<p>Texto de Tarley Carvalho <\/p>\n\n\n\n<p><\/p>\n","protected":false},"excerpt":{"rendered":"<p>O Teatro da Universidade Federal de Mato Grosso (UFMT) recebeu o duplo espet\u00e1culo \u201cBeleza Cuiab\u00e1 &amp; Mato Grosso em Cena\u201d, que uniu a for\u00e7a da Companhia de Dan\u00e7a Rodinei Barbosa \u00e0 performance c\u00eanica de Edmilson Maciel. Eles trouxeram ao palco uma exalta\u00e7\u00e3o vibrante \u00e0s ra\u00edzes, ritmos e hist\u00f3rias que moldam a identidade cultural de Mato [&hellip;]<\/p>\n","protected":false},"author":1,"featured_media":11964,"comment_status":"open","ping_status":"open","sticky":false,"template":"","format":"standard","meta":{"_acf_changed":false,"footnotes":""},"categories":[27,21,11],"tags":[],"municipio":[65],"class_list":["post-11963","post","type-post","status-publish","format-standard","has-post-thumbnail","hentry","category-carrousel","category-cultura","category-noticias","municipio-cuiaba"],"acf":[],"_links":{"self":[{"href":"https:\/\/betodoisaum.com.br\/site\/wp-json\/wp\/v2\/posts\/11963","targetHints":{"allow":["GET"]}}],"collection":[{"href":"https:\/\/betodoisaum.com.br\/site\/wp-json\/wp\/v2\/posts"}],"about":[{"href":"https:\/\/betodoisaum.com.br\/site\/wp-json\/wp\/v2\/types\/post"}],"author":[{"embeddable":true,"href":"https:\/\/betodoisaum.com.br\/site\/wp-json\/wp\/v2\/users\/1"}],"replies":[{"embeddable":true,"href":"https:\/\/betodoisaum.com.br\/site\/wp-json\/wp\/v2\/comments?post=11963"}],"version-history":[{"count":3,"href":"https:\/\/betodoisaum.com.br\/site\/wp-json\/wp\/v2\/posts\/11963\/revisions"}],"predecessor-version":[{"id":11967,"href":"https:\/\/betodoisaum.com.br\/site\/wp-json\/wp\/v2\/posts\/11963\/revisions\/11967"}],"wp:featuredmedia":[{"embeddable":true,"href":"https:\/\/betodoisaum.com.br\/site\/wp-json\/wp\/v2\/media\/11964"}],"wp:attachment":[{"href":"https:\/\/betodoisaum.com.br\/site\/wp-json\/wp\/v2\/media?parent=11963"}],"wp:term":[{"taxonomy":"category","embeddable":true,"href":"https:\/\/betodoisaum.com.br\/site\/wp-json\/wp\/v2\/categories?post=11963"},{"taxonomy":"post_tag","embeddable":true,"href":"https:\/\/betodoisaum.com.br\/site\/wp-json\/wp\/v2\/tags?post=11963"},{"taxonomy":"municipio","embeddable":true,"href":"https:\/\/betodoisaum.com.br\/site\/wp-json\/wp\/v2\/municipio?post=11963"}],"curies":[{"name":"wp","href":"https:\/\/api.w.org\/{rel}","templated":true}]}}