{"id":12564,"date":"2026-01-20T16:24:05","date_gmt":"2026-01-20T20:24:05","guid":{"rendered":"https:\/\/betodoisaum.com.br\/site\/?p=12564"},"modified":"2026-01-20T16:24:05","modified_gmt":"2026-01-20T20:24:05","slug":"parceria-entre-beto-e-fabio-garante-equipamentos-em-unidade-de-saude-de-nova-mutum","status":"publish","type":"post","link":"https:\/\/betodoisaum.com.br\/site\/parceria-entre-beto-e-fabio-garante-equipamentos-em-unidade-de-saude-de-nova-mutum\/","title":{"rendered":"Parceria entre Beto e F\u00e1bio garante equipamentos em unidade de sa\u00fade de Nova Mutum"},"content":{"rendered":"\n<h1 class=\"wp-block-heading\"><\/h1>\n\n\n\n<p>Uma articula\u00e7\u00e3o pol\u00edtica liderada pelo chefe da Casa Civil, F\u00e1bio Garcia, e pelo deputado estadual Beto Dois a Um  foi decisiva para assegurar a libera\u00e7\u00e3o de R$ 4 milh\u00f5es para o munic\u00edpio de Nova Mutum. O an\u00fancio do recurso, que ser\u00e1 destinado \u00e0 compra de equipamento do Centro de Especialidades Jo\u00e3o Batista, visando aprimorar a qualidade e a capacidade dos atendimentos. No turismo e economia, o apoio ser\u00e1 direcionado \u00e0 realiza\u00e7\u00e3o da Expo Nova 2026, com entrada franca, para fomentar o com\u00e9rcio, servi\u00e7os e a gera\u00e7\u00e3o de oportunidades.<\/p>\n\n\n\n<p>&#8220;Nosso trabalho \u00e9 ser uma ponte entre as demandas dos munic\u00edpios e as a\u00e7\u00f5es do Governo. Fico muito feliz em contribuir, ao lado do deputado federal e chefe da Casa Civil, F\u00e1bio Garcia, para que Nova Mutum receba este importante investimento. Sabemos que os recursos ser\u00e3o bem aplicados pela gest\u00e3o do prefeito Leandro e trar\u00e3o grandes benef\u00edcios, seja na sa\u00fade ou no fortalecimento da nossa cultura e economia local&#8221;, afirmou o deputado Beto, na \u00faltima sexta-feira (16) ap\u00f3s uma reuni\u00e3o no Pal\u00e1cio Paiagu\u00e1s com uma comitiva de lideran\u00e7as municipais.<\/p>\n\n\n\n<p>F\u00e1bio Garcia enfatizou o papel do di\u00e1logo institucional para acelerar o desenvolvimento regional. &#8220;O Governo de Mato Grosso trabalha em parceria com os munic\u00edpios. A visita da comitiva de Nova Mutum, com a presen\u00e7a do prefeito e dos vereadores, demonstra a for\u00e7a da representatividade e da uni\u00e3o. A reuni\u00e3o que tivemos reflete nosso compromisso em destravar recursos e garantir que os resultados cheguem de forma concreta \u00e0 popula\u00e7\u00e3o, melhorando os servi\u00e7os p\u00fablicos e incentivando a economia&#8221;, pontuou Garcia.<\/p>\n\n\n\n<p>O prefeito de Nova Mutum, Leandro F\u00e9lix, agradeceu o empenho dos parlamentares e destacou a relev\u00e2ncia da conquista. &#8220;Estes recursos s\u00e3o essenciais para que possamos continuar avan\u00e7ando em \u00e1reas que impactam diretamente a vida das pessoas. Agradecemos a sensibilidade e o compromisso do F\u00e1bio Garcia e do nosso deputado Beto, que sempre olham com aten\u00e7\u00e3o para as necessidades de Nova Mutum&#8221;, declarou o prefeito.<\/p>\n\n\n\n<p>A agenda em Cuiab\u00e1 refor\u00e7a a import\u00e2ncia da coopera\u00e7\u00e3o entre os poderes Executivo e Legislativo municipais e o di\u00e1logo constante com as esferas estaduais. Estiveram presentes na comitiva o prefeito Leandro F\u00e9lix, o presidente da C\u00e2mara de vereadores, Lucas Badan, e os vereadores Jaiane Santos, Altair Albuquerque, Maciel Sousa, Beatriz Kohler, Jos\u00e9 da Paix\u00e3o, Ataidi Luiz (Baguncinha) e Anderson Mantovan. <\/p>\n\n\n\n<p><\/p>\n","protected":false},"excerpt":{"rendered":"<p>Na sa\u00fade, os recursos ser\u00e3o aplicados na amplia\u00e7\u00e3o e equipamento do Centro de Especialidades Jo\u00e3o Batista, visando aprimorar a qualidade e a capacidade dos atendimentos<\/p>\n","protected":false},"author":9,"featured_media":12565,"comment_status":"open","ping_status":"open","sticky":false,"template":"","format":"standard","meta":{"_acf_changed":false,"footnotes":""},"categories":[27,11],"tags":[],"municipio":[],"class_list":["post-12564","post","type-post","status-publish","format-standard","has-post-thumbnail","hentry","category-carrousel","category-noticias"],"acf":[],"_links":{"self":[{"href":"https:\/\/betodoisaum.com.br\/site\/wp-json\/wp\/v2\/posts\/12564","targetHints":{"allow":["GET"]}}],"collection":[{"href":"https:\/\/betodoisaum.com.br\/site\/wp-json\/wp\/v2\/posts"}],"about":[{"href":"https:\/\/betodoisaum.com.br\/site\/wp-json\/wp\/v2\/types\/post"}],"author":[{"embeddable":true,"href":"https:\/\/betodoisaum.com.br\/site\/wp-json\/wp\/v2\/users\/9"}],"replies":[{"embeddable":true,"href":"https:\/\/betodoisaum.com.br\/site\/wp-json\/wp\/v2\/comments?post=12564"}],"version-history":[{"count":1,"href":"https:\/\/betodoisaum.com.br\/site\/wp-json\/wp\/v2\/posts\/12564\/revisions"}],"predecessor-version":[{"id":12566,"href":"https:\/\/betodoisaum.com.br\/site\/wp-json\/wp\/v2\/posts\/12564\/revisions\/12566"}],"wp:featuredmedia":[{"embeddable":true,"href":"https:\/\/betodoisaum.com.br\/site\/wp-json\/wp\/v2\/media\/12565"}],"wp:attachment":[{"href":"https:\/\/betodoisaum.com.br\/site\/wp-json\/wp\/v2\/media?parent=12564"}],"wp:term":[{"taxonomy":"category","embeddable":true,"href":"https:\/\/betodoisaum.com.br\/site\/wp-json\/wp\/v2\/categories?post=12564"},{"taxonomy":"post_tag","embeddable":true,"href":"https:\/\/betodoisaum.com.br\/site\/wp-json\/wp\/v2\/tags?post=12564"},{"taxonomy":"municipio","embeddable":true,"href":"https:\/\/betodoisaum.com.br\/site\/wp-json\/wp\/v2\/municipio?post=12564"}],"curies":[{"name":"wp","href":"https:\/\/api.w.org\/{rel}","templated":true}]}}