{"id":1488,"date":"2023-04-26T16:54:42","date_gmt":"2023-04-26T20:54:42","guid":{"rendered":"https:\/\/betodoisaum.com.br\/site\/?p=1488"},"modified":"2023-04-26T16:57:51","modified_gmt":"2023-04-26T20:57:51","slug":"beto-dois-a-um-apresenta-requerimento-para-ampliar-contratacoes-temporarias-a-fim-de-suprir-demandas-da-secel-mt","status":"publish","type":"post","link":"https:\/\/betodoisaum.com.br\/site\/beto-dois-a-um-apresenta-requerimento-para-ampliar-contratacoes-temporarias-a-fim-de-suprir-demandas-da-secel-mt\/","title":{"rendered":"Beto Dois a Um apresenta requerimento para ampliar contrata\u00e7\u00f5es tempor\u00e1rias a fim de suprir demandas da Secel-MT"},"content":{"rendered":"\n<p><\/p>\n\n\n\n<p>Em sess\u00e3o realizada nesta quarta-feira (26) na Assembleia Legislativa, o deputado Beto Dois a Um (PSB) real\u00e7ou a necessidade da amplia\u00e7\u00e3o do n\u00famero de servidores nos quadros da Secretaria de Estado de Cultura, Esporte e Lazer (Secel-MT). Ele apresentou requerimento ao Governo do Estado para que sejam realizadas contrata\u00e7\u00f5es tempor\u00e1rias frente \u00e0s demandas de execu\u00e7\u00e3o que despontam com a transfer\u00eancia de recursos das leis Paulo Gustavo (LPG) e Aldir Blanc 2 (LAB2).<\/p>\n\n\n\n<p>Os editais s\u00e3o bastante aguardados pelo setor cultural. O Governo Federal anunciou que a previs\u00e3o \u00e9 de que os recursos da LPG comecem a ser liberados em maio, enquanto os repasses da LAB2, devem ser realizados a partir de agosto.<\/p>\n\n\n\n<p>Beto Dois a Um destacou que a Secel-MT foi premiada pela Melhor Execu\u00e7\u00e3o da Lei Aldir Blanc em todo o pa\u00eds. \u201cE isso \u00e9 gra\u00e7as ao empenho e dedica\u00e7\u00e3o de colaboradores que trabalharam diuturnamente. E n\u00e3o \u00e9 for\u00e7a de express\u00e3o. Perderam noites para que os recursos chegassem aos quatro cantos de Mato Grosso\u201d.<\/p>\n\n\n\n<p>O deputado ressaltou ainda que a Secel \u00e9 uma das secretarias mais eficientes de Mato Grosso em rela\u00e7\u00e3o \u00e0 execu\u00e7\u00e3o de conv\u00eanios, atendimentos e presta\u00e7\u00e3o de contas, a exemplo. \u201cPor um lado, isso me deixa muito feliz, pois a Cultura e o Esporte s\u00e3o segmentos potentes, que transformam a vida das pessoas. S\u00e3o segmentos que me colocaram aqui\u201d, disse Beto.<\/p>\n\n\n\n<p>Mas ele est\u00e1 preocupado com a sobrecarga dos servidores. \u201cHoje os servidores trabalham de maneira muito eficaz, mas no limite do seu esfor\u00e7o f\u00edsico. Teremos a Lei Aldir Blanc 2 e Paulo Gustavo, al\u00e9m de uma grande execu\u00e7\u00e3o das emendas parlamentares\u201d. Ent\u00e3o, pediu apoio aos parlamentares para ajuda-lo em seu pleito.<\/p>\n\n\n\n<p>Beto Dois a Um realizou requerimento ao governador Mauro Mendes, para que realize contrata\u00e7\u00f5es tempor\u00e1rias. \u201cFiz um requerimento ao governador para que olhe com carinho, para que sejam realizadas contrata\u00e7\u00f5es tempor\u00e1rias para que os servidores n\u00e3o fiquem ainda mais sobrecarregados do que j\u00e1 est\u00e3o. Esses guerreiros v\u00eam fazendo a diferen\u00e7a\u201d, disse Beto ao destacar a atua\u00e7\u00e3o dos secret\u00e1rios Jefferson Neves, Jan Moura, Eliane de Paula e David Moura.<\/p>\n","protected":false},"excerpt":{"rendered":"<p>O deputado apresentou requerimento ao Governo do Estado para que sejam realizadas contrata\u00e7\u00f5es tempor\u00e1rias frente \u00e0s demandas de execu\u00e7\u00e3o que despontam com a transfer\u00eancia de recursos das leis Paulo Gustavo e Aldir Blanc 2 <\/p>\n","protected":false},"author":2,"featured_media":1490,"comment_status":"open","ping_status":"open","sticky":false,"template":"","format":"standard","meta":{"_acf_changed":false,"footnotes":""},"categories":[27,21,15],"tags":[46,43],"municipio":[],"class_list":["post-1488","post","type-post","status-publish","format-standard","has-post-thumbnail","hentry","category-carrousel","category-cultura","category-esporte","tag-cultura","tag-esporte"],"acf":[],"_links":{"self":[{"href":"https:\/\/betodoisaum.com.br\/site\/wp-json\/wp\/v2\/posts\/1488","targetHints":{"allow":["GET"]}}],"collection":[{"href":"https:\/\/betodoisaum.com.br\/site\/wp-json\/wp\/v2\/posts"}],"about":[{"href":"https:\/\/betodoisaum.com.br\/site\/wp-json\/wp\/v2\/types\/post"}],"author":[{"embeddable":true,"href":"https:\/\/betodoisaum.com.br\/site\/wp-json\/wp\/v2\/users\/2"}],"replies":[{"embeddable":true,"href":"https:\/\/betodoisaum.com.br\/site\/wp-json\/wp\/v2\/comments?post=1488"}],"version-history":[{"count":0,"href":"https:\/\/betodoisaum.com.br\/site\/wp-json\/wp\/v2\/posts\/1488\/revisions"}],"wp:featuredmedia":[{"embeddable":true,"href":"https:\/\/betodoisaum.com.br\/site\/wp-json\/wp\/v2\/media\/1490"}],"wp:attachment":[{"href":"https:\/\/betodoisaum.com.br\/site\/wp-json\/wp\/v2\/media?parent=1488"}],"wp:term":[{"taxonomy":"category","embeddable":true,"href":"https:\/\/betodoisaum.com.br\/site\/wp-json\/wp\/v2\/categories?post=1488"},{"taxonomy":"post_tag","embeddable":true,"href":"https:\/\/betodoisaum.com.br\/site\/wp-json\/wp\/v2\/tags?post=1488"},{"taxonomy":"municipio","embeddable":true,"href":"https:\/\/betodoisaum.com.br\/site\/wp-json\/wp\/v2\/municipio?post=1488"}],"curies":[{"name":"wp","href":"https:\/\/api.w.org\/{rel}","templated":true}]}}