{"id":2078,"date":"2023-05-03T14:47:18","date_gmt":"2023-05-03T18:47:18","guid":{"rendered":"https:\/\/betodoisaum.com.br\/site\/?p=2078"},"modified":"2023-08-22T10:52:05","modified_gmt":"2023-08-22T14:52:05","slug":"beto-dois-a-um-apresenta-requerimento-para-criacao-de-camara-setorial-tematica-da-cultura","status":"publish","type":"post","link":"https:\/\/betodoisaum.com.br\/site\/beto-dois-a-um-apresenta-requerimento-para-criacao-de-camara-setorial-tematica-da-cultura\/","title":{"rendered":"Beto Dois a Um apresenta requerimento para cria\u00e7\u00e3o de C\u00e2mara Setorial Tem\u00e1tica da Cultura"},"content":{"rendered":"\n<p>Nesta quarta-feira (03.05), o deputado Beto Dois a Um (PSB) apresentou \u00e0 Mesa Diretora, requerimento que prop\u00f5e a instala\u00e7\u00e3o de uma C\u00e2mara Setorial Tem\u00e1tica a fim de debater, acompanhar e propor novos rumos para a cultura de Mato Grosso.<\/p>\n\n\n\n<p>\u201c\u00c9 urgente que haja um espa\u00e7o espec\u00edfico para discutir e promover pol\u00edticas p\u00fablicas permanentes para o setor da cultura em Mato Grosso, com o foco espec\u00edfico na valoriza\u00e7\u00e3o e no fortalecimento da identidade cultural do nosso povo. Esse \u00e9 um primeiro passo que pretendo trilhar aqui na Assembleia Legislativa, para que possamos construir novos caminhos para a cultura do estado\u201d, destaca Beto.<\/p>\n\n\n\n<p>A proposta compreende o per\u00edodo de 180 dias, prorrog\u00e1veis por igual per\u00edodo. A C\u00e2mara Setorial Tem\u00e1tica dedicada \u00e0 Cultura de Mato Grosso, caso aprovada, ser\u00e1 formada por agentes, artistas e produtores de v\u00e1rios munic\u00edpios do estado, entre eles Cuiab\u00e1, V\u00e1rzea Grande, C\u00e1ceres, Barra do Bugres, Barra do Gar\u00e7as, entre outros. &nbsp;<\/p>\n\n\n\n<p>\u201cEssa C\u00e2mara Tem\u00e1tica contribuir\u00e1 para fortalecer o processo democr\u00e1tico e a ampla participa\u00e7\u00e3o da popula\u00e7\u00e3o, permitindo que todos tenham voz ativa nas discuss\u00f5es e na constru\u00e7\u00e3o de pol\u00edticas p\u00fablicas mais assertivas, garantindo assim uma gest\u00e3o mais transparente e participativa. Vamos ampliar os debates e dialogar com toda a sociedade civil, com o Governo de Mato Grosso, Conselho Estadual de Cultura, agentes, artistas e trilhar novos rumos para garantir o futuro da cultura no estado\u201d, explica Beto Dois a Um.<\/p>\n\n\n\n<p>Com experi\u00eancia no setor, ex-secret\u00e1rio de Cultura de Mato Grosso, Beto Dois a Um ainda destacou a import\u00e2ncia da cultura para a economia do estado.<\/p>\n\n\n\n<p>\u201cO setor da cultura contribui para a gera\u00e7\u00e3o de emprego e renda, ningu\u00e9m pode negar isso. Nesse sentido \u00e9 fundamental que sejam discutidas formas de fomentar e incentivar a produ\u00e7\u00e3o cultural em Mato Grosso, por meio de pol\u00edticas p\u00fablicas e programas de financiamento da cultura, por exemplo\u201d, conclui.<\/p>\n\n\n\n<p><em><strong>Da Assessoria<\/strong><\/em><\/p>\n\n\n\n<figure class=\"wp-block-embed is-type-video is-provider-youtube wp-block-embed-youtube wp-embed-aspect-16-9 wp-has-aspect-ratio\"><div class=\"wp-block-embed__wrapper\">\n<iframe title=\"Beto Dois a Um apresenta requerimento para cria\u00e7\u00e3o de C\u00e2mara Setorial Tem\u00e1tica da Cultura\" width=\"800\" height=\"450\" src=\"https:\/\/www.youtube.com\/embed\/n8I8ix_FhL0?feature=oembed\" frameborder=\"0\" allow=\"accelerometer; autoplay; clipboard-write; encrypted-media; gyroscope; picture-in-picture; web-share\" allowfullscreen><\/iframe>\n<\/div><\/figure>\n","protected":false},"excerpt":{"rendered":"<p>Com experi\u00eancia no setor cultural, ex-secret\u00e1rio de Cultura de Mato Grosso, Beto Dois a Um destacou a import\u00e2ncia da cultura para a economia do estado<\/p>\n","protected":false},"author":2,"featured_media":1755,"comment_status":"open","ping_status":"open","sticky":false,"template":"","format":"standard","meta":{"_acf_changed":false,"footnotes":""},"categories":[27,67,21],"tags":[46],"municipio":[],"class_list":["post-2078","post","type-post","status-publish","format-standard","has-post-thumbnail","hentry","category-carrousel","category-cst-cultura","category-cultura","tag-cultura"],"acf":[],"_links":{"self":[{"href":"https:\/\/betodoisaum.com.br\/site\/wp-json\/wp\/v2\/posts\/2078","targetHints":{"allow":["GET"]}}],"collection":[{"href":"https:\/\/betodoisaum.com.br\/site\/wp-json\/wp\/v2\/posts"}],"about":[{"href":"https:\/\/betodoisaum.com.br\/site\/wp-json\/wp\/v2\/types\/post"}],"author":[{"embeddable":true,"href":"https:\/\/betodoisaum.com.br\/site\/wp-json\/wp\/v2\/users\/2"}],"replies":[{"embeddable":true,"href":"https:\/\/betodoisaum.com.br\/site\/wp-json\/wp\/v2\/comments?post=2078"}],"version-history":[{"count":0,"href":"https:\/\/betodoisaum.com.br\/site\/wp-json\/wp\/v2\/posts\/2078\/revisions"}],"wp:featuredmedia":[{"embeddable":true,"href":"https:\/\/betodoisaum.com.br\/site\/wp-json\/wp\/v2\/media\/1755"}],"wp:attachment":[{"href":"https:\/\/betodoisaum.com.br\/site\/wp-json\/wp\/v2\/media?parent=2078"}],"wp:term":[{"taxonomy":"category","embeddable":true,"href":"https:\/\/betodoisaum.com.br\/site\/wp-json\/wp\/v2\/categories?post=2078"},{"taxonomy":"post_tag","embeddable":true,"href":"https:\/\/betodoisaum.com.br\/site\/wp-json\/wp\/v2\/tags?post=2078"},{"taxonomy":"municipio","embeddable":true,"href":"https:\/\/betodoisaum.com.br\/site\/wp-json\/wp\/v2\/municipio?post=2078"}],"curies":[{"name":"wp","href":"https:\/\/api.w.org\/{rel}","templated":true}]}}