{"id":2157,"date":"2023-05-09T10:28:08","date_gmt":"2023-05-09T14:28:08","guid":{"rendered":"https:\/\/betodoisaum.com.br\/site\/?p=2157"},"modified":"2023-05-09T10:33:02","modified_gmt":"2023-05-09T14:33:02","slug":"beto-dois-a-um-desembarca-nos-eua-para-serie-de-conferencias-sobre-sustentabilidade","status":"publish","type":"post","link":"https:\/\/betodoisaum.com.br\/site\/beto-dois-a-um-desembarca-nos-eua-para-serie-de-conferencias-sobre-sustentabilidade\/","title":{"rendered":"Beto Dois a Um desembarca nos EUA para s\u00e9rie de confer\u00eancias sobre sustentabilidade"},"content":{"rendered":"\n<p>Nesta segunda-feira (08.05), o deputado Beto Dois a Um desembarcou nos EUA para uma s\u00e9rie de confer\u00eancias sobre sustentabilidade. Representando a Assembleia Legislativa de Mato Grosso, o parlamentar integra a comitiva mato-grossense capitaneada pelo governador Mauro Mendes.<\/p>\n\n\n\n<p>A primeira parada foi na cidade de Lincoln, em Nebraska, onde o grupo participou da Water for Food, confer\u00eancia global para tratar do uso consciente da \u00e1gua para irriga\u00e7\u00e3o.<\/p>\n\n\n\n<p>\u201cEssencial para o futuro! Para Mato Grosso continuar crescendo com seguran\u00e7a e responsabilidade. Orgulho em poder representar a ALMT ao lado dos deputados Claudio Ferreira e Carlos Avallone nessa miss\u00e3o internacional, mostrando que Mato Grosso est\u00e1 atento ao desenvolvimento sustent\u00e1vel\u201d, destaca Beto Dois a Um.<\/p>\n\n\n\n<p>Pr\u00f3xima parada ser\u00e1 em Washington para mais conferencias sobre sustentabilidade. A comitiva mato-grossense fica nos EUA at\u00e9 dia 12 de maio. <\/p>\n","protected":false},"excerpt":{"rendered":"<p>A primeira parada foi na cidade de Lincoln, em Nebraska, para participar da Water for Food, confer\u00eancia global para tratar do uso consciente da \u00e1gua para irriga\u00e7\u00e3o<\/p>\n","protected":false},"author":2,"featured_media":2158,"comment_status":"open","ping_status":"open","sticky":false,"template":"","format":"standard","meta":{"_acf_changed":false,"footnotes":""},"categories":[27,26],"tags":[35,37],"municipio":[],"class_list":["post-2157","post","type-post","status-publish","format-standard","has-post-thumbnail","hentry","category-carrousel","category-meio-ambiente","tag-assembleia-legislativa","tag-politica"],"acf":[],"_links":{"self":[{"href":"https:\/\/betodoisaum.com.br\/site\/wp-json\/wp\/v2\/posts\/2157","targetHints":{"allow":["GET"]}}],"collection":[{"href":"https:\/\/betodoisaum.com.br\/site\/wp-json\/wp\/v2\/posts"}],"about":[{"href":"https:\/\/betodoisaum.com.br\/site\/wp-json\/wp\/v2\/types\/post"}],"author":[{"embeddable":true,"href":"https:\/\/betodoisaum.com.br\/site\/wp-json\/wp\/v2\/users\/2"}],"replies":[{"embeddable":true,"href":"https:\/\/betodoisaum.com.br\/site\/wp-json\/wp\/v2\/comments?post=2157"}],"version-history":[{"count":0,"href":"https:\/\/betodoisaum.com.br\/site\/wp-json\/wp\/v2\/posts\/2157\/revisions"}],"wp:featuredmedia":[{"embeddable":true,"href":"https:\/\/betodoisaum.com.br\/site\/wp-json\/wp\/v2\/media\/2158"}],"wp:attachment":[{"href":"https:\/\/betodoisaum.com.br\/site\/wp-json\/wp\/v2\/media?parent=2157"}],"wp:term":[{"taxonomy":"category","embeddable":true,"href":"https:\/\/betodoisaum.com.br\/site\/wp-json\/wp\/v2\/categories?post=2157"},{"taxonomy":"post_tag","embeddable":true,"href":"https:\/\/betodoisaum.com.br\/site\/wp-json\/wp\/v2\/tags?post=2157"},{"taxonomy":"municipio","embeddable":true,"href":"https:\/\/betodoisaum.com.br\/site\/wp-json\/wp\/v2\/municipio?post=2157"}],"curies":[{"name":"wp","href":"https:\/\/api.w.org\/{rel}","templated":true}]}}