{"id":3050,"date":"2023-05-31T09:35:17","date_gmt":"2023-05-31T13:35:17","guid":{"rendered":"https:\/\/betodoisaum.com.br\/site\/?p=3050"},"modified":"2023-06-02T12:52:35","modified_gmt":"2023-06-02T16:52:35","slug":"beto-dois-a-um-recebe-liderancas-politicas-e-estreita-lacos-com-o-araguaia","status":"publish","type":"post","link":"https:\/\/betodoisaum.com.br\/site\/beto-dois-a-um-recebe-liderancas-politicas-e-estreita-lacos-com-o-araguaia\/","title":{"rendered":"Beto Dois a Um recebe lideran\u00e7as pol\u00edticas e estreita la\u00e7os com regi\u00e3o do Araguaia"},"content":{"rendered":"\n<p>Nesta ter\u00e7a-feira (30.05), o deputado estadual Beto Dois a Um (PSB) recebeu em seu gabinete, importantes lideran\u00e7as pol\u00edticas das cidades de Bom Jesus do Araguaia e Ribeir\u00e3o Cascalheira. Em um encontro marcado por boas conversas e produtivas discuss\u00f5es, o deputado destacou os resultados alcan\u00e7ados durante seus 100 primeiros dias de mandato e reafirmou seu compromisso com as bandeiras que defende: cultura e esporte.<\/p>\n\n\n\n<p>Uma dessas conversas foi com o publicit\u00e1rio e produtor cultural Diel Cardoso, de Bom Jesus do Araguaia, ocasi\u00e3o em que Beto enfatizou seu empenho em trabalhar pela regi\u00e3o e ampliar as pol\u00edticas p\u00fablicas destinadas \u00e0 cultura, esporte e lazer.<\/p>\n\n\n\n<p>Durante a reuni\u00e3o, o deputado teve a oportunidade de ouvir as demandas e necessidades dos munic\u00edpios, al\u00e9m de discutir estrat\u00e9gias para impulsionar o crescimento e a estrutura\u00e7\u00e3o da regi\u00e3o, principalmente pela interlocu\u00e7\u00e3o de sua assessora regional, Mara Fran\u00e7a.<\/p>\n\n\n\n<p>Na segunda-feira (29.-5), Beto recebeu a comitiva composta pelo prefeito Mans\u00e3o, os vereadores Raimundinho da Bordon, professor Edmarcio e Fabiano Barros, que tiveram uma agenda intensa com o Deputado. Durante o encontro, foram apresentadas as conquistas recentes do munic\u00edpio, ressaltando a import\u00e2ncia de fortalecer o v\u00ednculo entre o deputado Beto e o munic\u00edpio de Bom Jesus do Araguaia.<\/p>\n\n\n\n<p>Na ter\u00e7a-feira dia (30), foi a vez da prefeita Luzia e da vice-prefeita Izabel Fernandes, de Ribeir\u00e3o Cascalheira, visitarem o deputado Beto Dois a Um. Ambas expressaram sua admira\u00e7\u00e3o pelo trabalho realizado pelo parlamentar e manifestaram o interesse em estabelecer uma parceria s\u00f3lida com a regi\u00e3o do Araguaia, visando o desenvolvimento e o bem-estar da popula\u00e7\u00e3o local.<\/p>\n\n\n\n<p>Beto Dois a Um celebrou os encontros e agradeceu a todos os presentes pela confian\u00e7a depositada em seu mandato.<\/p>\n\n\n\n<p>&#8220;Estou comprometido em lutar pelos interesses da nossa regi\u00e3o, especialmente nas \u00e1reas da cultura e do esporte. Juntos, podemos promover mudan\u00e7as significativas e conquistar avan\u00e7os para essas comunidades&#8221;, afirmou o Deputado.<\/p>\n\n\n\n<p><strong>120 dias de mandato<\/strong><\/p>\n\n\n\n<p>A 20\u00aa Legislatura da Assembleia Legislativa do Estado de Mato Grosso (AL MT) teve in\u00edcio no dia 1\u00b0 de fevereiro de 2023. De l\u00e1 para c\u00e1 o deputado Beto Dois a Um apresentou cinco Projetos de Lei, 197 indica\u00e7\u00f5es, tr\u00eas Mo\u00e7\u00f5es de Aplauso, 29 Mo\u00e7\u00f5es de congratula\u00e7\u00e3o, seis requerimentos, realizou 645 atendimentos e visitou 26 munic\u00edpios de Mato Grosso em pouco mais de dois meses. Ao todo s\u00e3o 241 proposi\u00e7\u00f5es em tramita\u00e7\u00e3o.<\/p>\n\n\n\n<p>\u201cEu gosto do que fa\u00e7o, sou muito grato pela oportunidade de exercer a fun\u00e7\u00e3o de deputado estadual, queria muito estar aqui, e agora que conseguimos, vou dar o meu melhor. Vou honrar cada voto, minha miss\u00e3o \u00e9 contribuir para que Mato Grosso seja um estado cada vez mais justo\u201d, diz Beto.<\/p>\n\n\n\n<p>Sobre os Projetos de Lei apresentados pelo parlamentar at\u00e9 aqui, em tramita\u00e7\u00e3o est\u00e3o: PL 990\/2023, que disp\u00f5e sobre altera\u00e7\u00f5es na Lei 10.941, prevendo gratuidade de inscri\u00e7\u00e3o a pessoas com defici\u00eancia em competi\u00e7\u00f5es esportivas em Mato Grosso; e PL 925\/2023, este sobre altera\u00e7\u00e3o da Lei10.134\/2014, que obriga a reserva de assento ao acompanhante de pessoa com defici\u00eancia em Mato Grosso. Al\u00e9m desses, Projeto de Lei n\u00ba 1359\/2023 que Institui a \u201cSemana Estadual de Hip Hop\u201d e PL n\u00ba 1360\/2023 que Declara a cultura Hip Hop como patrim\u00f4nio cultural imaterial do Estado de Mato Grosso.<\/p>\n\n\n\n<p>Com experi\u00eancia no setor cultural, ex-secret\u00e1rio de Cultura de Mato Grosso, Beto Dois a Um teve participa\u00e7\u00e3o ativa nos ajustes do Projeto de Lei que limita valores oriundos de recursos p\u00fablicos estaduais para realiza\u00e7\u00e3o de shows e eventos, apresentado por lideran\u00e7as partid\u00e1rias, aprovado em segunda vota\u00e7\u00e3o por unanimidade.<\/p>\n\n\n\n<p>Entre as 197 indica\u00e7\u00f5es \u2013 quando o deputado encaminha demandas necess\u00e1rias para o Governo do Estado \u2013 destacam-se: Destina\u00e7\u00e3o de recursos para manuten\u00e7\u00e3o do Hospital Laura de Vicun\u00e3, no munic\u00edpio de Nobres; reforma do Hospital Municipal de Brasnorte, no munic\u00edpio de Brasnorte; reforma do Gin\u00e1sio Poliesportivo Anderson Pellin, no munic\u00edpio de Tapurah; recursos para custeio da Sa\u00fade do munic\u00edpio de Ita\u00faba; dois \u00f4nibus escolares para atender alunos da Escola Militar Estadual de Primavera do Leste; disponibiliza\u00e7\u00e3o de um servidor M\u00e9dico Perito para a ag\u00eancia do INSS, no munic\u00edpio de Pontes e Lacerda;pavimenta\u00e7\u00e3o asf\u00e1ltica nas ruas do Bairro Jardim S\u00e3o Paulo, no munic\u00edpio de Mirassol D\u2019Oeste; caminh\u00e3o compactador de lixo para atender o munic\u00edpio de Figueir\u00f3polis D\u2019Oeste.<\/p>\n\n\n\n<p>\u201cPenso sempre em descomplicar, desburocratizar, facilitar e, principalmente,ouvir as pessoas com aten\u00e7\u00e3o m\u00e1xima \u00e0s demandas. Tenho esse perfil de resolver problemas, n\u00e3o procrastino nada\u201d, revela.<\/p>\n\n\n\n<p>Vice-l\u00edder do Governo na AL MT, Beto \u00e9 ainda membro de sete Comiss\u00f5es Parlamentares: Trabalho e Administra\u00e7\u00e3o P\u00fablica (do qual \u00e9 presidente da comiss\u00e3o); Educa\u00e7\u00e3o, Ci\u00eancia, Tecnologia, Cultura e Desporto; Ind\u00fastria,Com\u00e9rcio e Turismo; Meio Ambiente, Recursos H\u00eddricos e Recursos Minerais;Defesa do Consumidor e do Contribuinte; Seguran\u00e7a P\u00fablica e Comunit\u00e1ria; e Sa\u00fade, Previd\u00eancia e Assist\u00eancia Social.<\/p>\n\n\n\n<p>Em suas andan\u00e7as por Mato Grosso, em pouco mais de dois meses de mandato visitou os munic\u00edpios de Ju\u00edna, Nova Mutum, Pocon\u00e9, C\u00e1ceres, Santo Ant\u00f4nio de Leverger, Campo Verde, Barra do Gar\u00e7as e outros. At\u00e9 o fim de abril, a agenda do deputado prev\u00ea visitas a mais seis munic\u00edpios.<\/p>\n\n\n\n<p><strong><em>Da Assessoria <\/em><\/strong><\/p>\n\n\n\n<figure class=\"wp-block-gallery has-nested-images columns-2 is-cropped wp-block-gallery-1 is-layout-flex wp-block-gallery-is-layout-flex\">\n<figure class=\"wp-block-image size-large\"><a href=\"https:\/\/betodoisaum.com.br\/site\/wp-content\/uploads\/2023\/05\/WhatsApp-Image-2023-05-31-at-09.48.23-jpeg.webp\" rel=\"lightbox[3050]\"><img fetchpriority=\"high\" decoding=\"async\" width=\"1024\" height=\"768\" data-id=\"3054\" src=\"https:\/\/betodoisaum.com.br\/site\/wp-content\/uploads\/2023\/05\/WhatsApp-Image-2023-05-31-at-09.48.23-1024x768.webp\" alt=\"\" class=\"wp-image-3054\" srcset=\"https:\/\/betodoisaum.com.br\/site\/wp-content\/uploads\/2023\/05\/WhatsApp-Image-2023-05-31-at-09.48.23-1024x768.webp 1024w, https:\/\/betodoisaum.com.br\/site\/wp-content\/uploads\/2023\/05\/WhatsApp-Image-2023-05-31-at-09.48.23-300x225.webp 300w, https:\/\/betodoisaum.com.br\/site\/wp-content\/uploads\/2023\/05\/WhatsApp-Image-2023-05-31-at-09.48.23-768x576.webp 768w, https:\/\/betodoisaum.com.br\/site\/wp-content\/uploads\/2023\/05\/WhatsApp-Image-2023-05-31-at-09.48.23-jpeg.webp 1280w\" sizes=\"(max-width: 1024px) 100vw, 1024px\" \/><\/a><figcaption class=\"wp-element-caption\">Foto: Rafael Rosa \/ Assessoria<\/figcaption><\/figure>\n\n\n\n<figure class=\"wp-block-image size-large\"><a href=\"https:\/\/betodoisaum.com.br\/site\/wp-content\/uploads\/2023\/05\/WhatsApp-Image-2023-05-31-at-09.48.30-jpeg.webp\" rel=\"lightbox[3050]\"><img decoding=\"async\" width=\"1024\" height=\"768\" data-id=\"3053\" src=\"https:\/\/betodoisaum.com.br\/site\/wp-content\/uploads\/2023\/05\/WhatsApp-Image-2023-05-31-at-09.48.30-1024x768.webp\" alt=\"\" class=\"wp-image-3053\" srcset=\"https:\/\/betodoisaum.com.br\/site\/wp-content\/uploads\/2023\/05\/WhatsApp-Image-2023-05-31-at-09.48.30-1024x768.webp 1024w, https:\/\/betodoisaum.com.br\/site\/wp-content\/uploads\/2023\/05\/WhatsApp-Image-2023-05-31-at-09.48.30-300x225.webp 300w, https:\/\/betodoisaum.com.br\/site\/wp-content\/uploads\/2023\/05\/WhatsApp-Image-2023-05-31-at-09.48.30-768x576.webp 768w, https:\/\/betodoisaum.com.br\/site\/wp-content\/uploads\/2023\/05\/WhatsApp-Image-2023-05-31-at-09.48.30-jpeg.webp 1280w\" sizes=\"(max-width: 1024px) 100vw, 1024px\" \/><\/a><figcaption class=\"wp-element-caption\">Foto: Rafael Rosa \/ Assessoria<\/figcaption><\/figure>\n\n\n\n<figure class=\"wp-block-image size-large\"><a href=\"https:\/\/betodoisaum.com.br\/site\/wp-content\/uploads\/2023\/05\/WhatsApp-Image-2023-05-30-at-10.27.10-jpeg.webp\" rel=\"lightbox[3050]\"><img decoding=\"async\" width=\"1024\" height=\"768\" data-id=\"3051\" src=\"https:\/\/betodoisaum.com.br\/site\/wp-content\/uploads\/2023\/05\/WhatsApp-Image-2023-05-30-at-10.27.10-1024x768.webp\" alt=\"\" class=\"wp-image-3051\" srcset=\"https:\/\/betodoisaum.com.br\/site\/wp-content\/uploads\/2023\/05\/WhatsApp-Image-2023-05-30-at-10.27.10-1024x768.webp 1024w, https:\/\/betodoisaum.com.br\/site\/wp-content\/uploads\/2023\/05\/WhatsApp-Image-2023-05-30-at-10.27.10-300x225.webp 300w, https:\/\/betodoisaum.com.br\/site\/wp-content\/uploads\/2023\/05\/WhatsApp-Image-2023-05-30-at-10.27.10-768x576.webp 768w, https:\/\/betodoisaum.com.br\/site\/wp-content\/uploads\/2023\/05\/WhatsApp-Image-2023-05-30-at-10.27.10-1536x1152.webp 1536w, https:\/\/betodoisaum.com.br\/site\/wp-content\/uploads\/2023\/05\/WhatsApp-Image-2023-05-30-at-10.27.10-jpeg.webp 1600w\" sizes=\"(max-width: 1024px) 100vw, 1024px\" \/><\/a><figcaption class=\"wp-element-caption\">Foto: Rafael Rosa \/ Assessoria<\/figcaption><\/figure>\n<\/figure>\n","protected":false},"excerpt":{"rendered":"<p>O deputado estadual recebeu em seu gabinete, importantes lideran\u00e7as pol\u00edticas das cidades de Bom Jesus do Araguaia e Ribeir\u00e3o Cascalheira<\/p>\n","protected":false},"author":2,"featured_media":3055,"comment_status":"open","ping_status":"open","sticky":false,"template":"","format":"standard","meta":{"_acf_changed":false,"footnotes":""},"categories":[27,12],"tags":[],"municipio":[],"class_list":["post-3050","post","type-post","status-publish","format-standard","has-post-thumbnail","hentry","category-carrousel","category-geral"],"acf":[],"_links":{"self":[{"href":"https:\/\/betodoisaum.com.br\/site\/wp-json\/wp\/v2\/posts\/3050","targetHints":{"allow":["GET"]}}],"collection":[{"href":"https:\/\/betodoisaum.com.br\/site\/wp-json\/wp\/v2\/posts"}],"about":[{"href":"https:\/\/betodoisaum.com.br\/site\/wp-json\/wp\/v2\/types\/post"}],"author":[{"embeddable":true,"href":"https:\/\/betodoisaum.com.br\/site\/wp-json\/wp\/v2\/users\/2"}],"replies":[{"embeddable":true,"href":"https:\/\/betodoisaum.com.br\/site\/wp-json\/wp\/v2\/comments?post=3050"}],"version-history":[{"count":0,"href":"https:\/\/betodoisaum.com.br\/site\/wp-json\/wp\/v2\/posts\/3050\/revisions"}],"wp:featuredmedia":[{"embeddable":true,"href":"https:\/\/betodoisaum.com.br\/site\/wp-json\/wp\/v2\/media\/3055"}],"wp:attachment":[{"href":"https:\/\/betodoisaum.com.br\/site\/wp-json\/wp\/v2\/media?parent=3050"}],"wp:term":[{"taxonomy":"category","embeddable":true,"href":"https:\/\/betodoisaum.com.br\/site\/wp-json\/wp\/v2\/categories?post=3050"},{"taxonomy":"post_tag","embeddable":true,"href":"https:\/\/betodoisaum.com.br\/site\/wp-json\/wp\/v2\/tags?post=3050"},{"taxonomy":"municipio","embeddable":true,"href":"https:\/\/betodoisaum.com.br\/site\/wp-json\/wp\/v2\/municipio?post=3050"}],"curies":[{"name":"wp","href":"https:\/\/api.w.org\/{rel}","templated":true}]}}