{"id":3078,"date":"2023-06-02T10:24:19","date_gmt":"2023-06-02T14:24:19","guid":{"rendered":"https:\/\/betodoisaum.com.br\/site\/?p=3078"},"modified":"2023-08-22T10:51:59","modified_gmt":"2023-08-22T14:51:59","slug":"camara-setorial-tematica-da-cultura-sera-instalada-nesta-terca-feira-06","status":"publish","type":"post","link":"https:\/\/betodoisaum.com.br\/site\/camara-setorial-tematica-da-cultura-sera-instalada-nesta-terca-feira-06\/","title":{"rendered":"C\u00e2mara Setorial Tem\u00e1tica da Cultura ser\u00e1 instalada nesta ter\u00e7a-feira (06)"},"content":{"rendered":"\n<p>Idealizada pelo deputado Beto Dois a Um (PSB) e Conselho Estadual de Cultura, ser\u00e1 instalada nesta ter\u00e7a-feira (06.06), a partir das 8h no plen\u00e1rio da ALMT, a C\u00e2mara Setorial Tem\u00e1tica da Cultura.<\/p>\n\n\n\n<p>Com presen\u00e7a confirmada de artistas, agentes, produtores, conselho e gestores municipais de cultura, a inciativa tem o objetivo de diagnosticar, avaliar e discutir pol\u00edticas p\u00fablicas para o fortalecimento do setor da cultura em Mato Grosso.<\/p>\n\n\n\n<p>\u201cN\u00e3o podemos depender apenas da sorte de ter bons gestores pensando a cultura no estado, precisamos pensar pol\u00edticas p\u00fablicas fortes e permanentes. \u00c9 urgente que haja um espa\u00e7o espec\u00edfico para discutir e promover o setor da cultura em Mato Grosso, com foco espec\u00edfico na valoriza\u00e7\u00e3o e no fortalecimento da identidade cultural do nosso povo\u201d, destaca Beto Dois a Um.<\/p>\n\n\n\n<p>A proposta compreende o per\u00edodo de 180 dias, prorrog\u00e1veis por igual per\u00edodo. A C\u00e2mara Setorial Tem\u00e1tica dedicada \u00e0 Cultura de Mato Grosso ser\u00e1 formada por agentes, artistas e produtores de v\u00e1rios munic\u00edpios do estado, entre eles Cuiab\u00e1, V\u00e1rzea Grande, C\u00e1ceres, Barra do Bugres, Barra do Gar\u00e7as, e outros.<\/p>\n\n\n\n<p>\u201cEssa C\u00e2mara Tem\u00e1tica contribuir\u00e1 para fortalecer o processo democr\u00e1tico e a ampla participa\u00e7\u00e3o da popula\u00e7\u00e3o, permitindo que todos tenham voz ativa nas discuss\u00f5es e na constru\u00e7\u00e3o de pol\u00edticas p\u00fablicas mais assertivas, garantindo assim uma gest\u00e3o mais transparente e participativa. Vamos ampliar os debates e dialogar com toda a sociedade civil, com o Governo de Mato Grosso, Conselho Estadual de Cultura, agentes, artistas e trilhar novos rumos para garantir o futuro da cultura no estado\u201d, explica Beto Dois a Um.<\/p>\n\n\n\n<p>Com experi\u00eancia no setor, ex-secret\u00e1rio de Cultura de Mato Grosso, Beto Dois a Um ainda destacou a import\u00e2ncia da cultura para a economia do estado.<\/p>\n\n\n\n<p>\u201cO setor da cultura contribui para a gera\u00e7\u00e3o de emprego e renda, ningu\u00e9m pode negar isso. Nesse sentido \u00e9 fundamental que sejam discutidas formas de fomentar e incentivar a produ\u00e7\u00e3o cultural em Mato Grosso, por meio de pol\u00edticas p\u00fablicas e programas de financiamento da cultura, por exemplo\u201d, conclui.<\/p>\n\n\n\n<p><strong><em>Da Assessoria<\/em><\/strong><\/p>\n","protected":false},"excerpt":{"rendered":"<p>A C\u00e2mara Setorial Tem\u00e1tica dedicada \u00e0 Cultura de Mato Grosso ser\u00e1 formada por artistas, agentes, produtores, conselho e gestores municipais de cultura<\/p>\n","protected":false},"author":2,"featured_media":3079,"comment_status":"open","ping_status":"open","sticky":false,"template":"","format":"standard","meta":{"_acf_changed":false,"footnotes":""},"categories":[27,67,21],"tags":[],"municipio":[],"class_list":["post-3078","post","type-post","status-publish","format-standard","has-post-thumbnail","hentry","category-carrousel","category-cst-cultura","category-cultura"],"acf":[],"_links":{"self":[{"href":"https:\/\/betodoisaum.com.br\/site\/wp-json\/wp\/v2\/posts\/3078","targetHints":{"allow":["GET"]}}],"collection":[{"href":"https:\/\/betodoisaum.com.br\/site\/wp-json\/wp\/v2\/posts"}],"about":[{"href":"https:\/\/betodoisaum.com.br\/site\/wp-json\/wp\/v2\/types\/post"}],"author":[{"embeddable":true,"href":"https:\/\/betodoisaum.com.br\/site\/wp-json\/wp\/v2\/users\/2"}],"replies":[{"embeddable":true,"href":"https:\/\/betodoisaum.com.br\/site\/wp-json\/wp\/v2\/comments?post=3078"}],"version-history":[{"count":0,"href":"https:\/\/betodoisaum.com.br\/site\/wp-json\/wp\/v2\/posts\/3078\/revisions"}],"wp:featuredmedia":[{"embeddable":true,"href":"https:\/\/betodoisaum.com.br\/site\/wp-json\/wp\/v2\/media\/3079"}],"wp:attachment":[{"href":"https:\/\/betodoisaum.com.br\/site\/wp-json\/wp\/v2\/media?parent=3078"}],"wp:term":[{"taxonomy":"category","embeddable":true,"href":"https:\/\/betodoisaum.com.br\/site\/wp-json\/wp\/v2\/categories?post=3078"},{"taxonomy":"post_tag","embeddable":true,"href":"https:\/\/betodoisaum.com.br\/site\/wp-json\/wp\/v2\/tags?post=3078"},{"taxonomy":"municipio","embeddable":true,"href":"https:\/\/betodoisaum.com.br\/site\/wp-json\/wp\/v2\/municipio?post=3078"}],"curies":[{"name":"wp","href":"https:\/\/api.w.org\/{rel}","templated":true}]}}