{"id":3088,"date":"2023-06-02T12:47:29","date_gmt":"2023-06-02T16:47:29","guid":{"rendered":"https:\/\/betodoisaum.com.br\/site\/?p=3088"},"modified":"2023-06-02T12:51:17","modified_gmt":"2023-06-02T16:51:17","slug":"beto-dois-a-um-acompanha-apresentacao-do-metodo-apac-de-ressocializacao","status":"publish","type":"post","link":"https:\/\/betodoisaum.com.br\/site\/beto-dois-a-um-acompanha-apresentacao-do-metodo-apac-de-ressocializacao\/","title":{"rendered":"Beto Dois a Um acompanha apresenta\u00e7\u00e3o do m\u00e9todo APAC de ressocializa\u00e7\u00e3o"},"content":{"rendered":"\n<p>Nesta quinta-feira (01.06), o deputado Beto Dois a Um (PSB) acompanhou de perto a apresenta\u00e7\u00e3o do m\u00e9todo criado pela Associa\u00e7\u00e3o de Prote\u00e7\u00e3o e Assist\u00eancia aos Condenados (ou simplesmente, m\u00e9todo APAC), no sistema de ressocializa\u00e7\u00e3o.<\/p>\n\n\n\n<p>Em resumo, o m\u00e9todo APAC visa a valoriza\u00e7\u00e3o humana para oferecer \u00e0 pessoa privada de liberdade, condi\u00e7\u00f5es de recupera\u00e7\u00e3o, buscando em perspectiva mais ampla, a prote\u00e7\u00e3o da sociedade, o socorro \u00e0s v\u00edtimas e a promo\u00e7\u00e3o da justi\u00e7a restaurativa.<\/p>\n\n\n\n<p>\u201cPenso que o sistema prisional comum apresenta falhas que contribuem para a reincid\u00eancia no crime. M\u00e9todos humanizados, como a APAC, ajudam as pessoas a n\u00e3o voltarem a cometer delitos, ap\u00f3s cumprirem suas penas ou mesmo dentro da cadeia. S\u00e3o doze passos de humanidade e respeito capazes de transformar vidas e contribuir para uma sociedade melhor preparada\u201d, adianta Beto.<\/p>\n\n\n\n<p>Os doze pa\u00e7os aos quis o parlamentar se refere s\u00e3o: Participa\u00e7\u00e3o da comunidade; recuperando ajuda recuperando; trabalho; espiritualidade; assist\u00eancia jur\u00eddica; assist\u00eancia \u00e0 sa\u00fade; valoriza\u00e7\u00e3o humana; fam\u00edlia; o volunt\u00e1rio e o curso para sua forma\u00e7\u00e3o; Centro de Reintegra\u00e7\u00e3o Social; m\u00e9rito; e Jornada de Liberdade com Cristo. &nbsp;<\/p>\n\n\n\n<p>A APAC \u00e9 uma entidade civil dedicada \u00e0 recupera\u00e7\u00e3o e \u00e0 reintegra\u00e7\u00e3o social dos condenados a penas privativas de liberdade. Tem como objetivo promover a humaniza\u00e7\u00e3o das pris\u00f5es, sem perder de vista a finalidade punitiva da pena com proposito de evitar a reincid\u00eancia no crime e oferecer alternativas para a pessoa privada de liberdade se recuperar.<\/p>\n\n\n\n<p>Al\u00e9m do deputado Beto Dois a Um, participaram da apresenta\u00e7\u00e3o a deputada Janaina Riva (MDB), o procurador geral Dr. Deosdete, o desembargador Orlando Perri e equipe t\u00e9cnica do Minist\u00e9rio P\u00fablico de Mato Grosso.<\/p>\n","protected":false},"excerpt":{"rendered":"<p>A APAC \u00e9 uma entidade civil dedicada \u00e0 recupera\u00e7\u00e3o e \u00e0 reintegra\u00e7\u00e3o social de pessoas privativas de liberdade<\/p>\n","protected":false},"author":2,"featured_media":3089,"comment_status":"open","ping_status":"open","sticky":false,"template":"","format":"standard","meta":{"_acf_changed":false,"footnotes":""},"categories":[24,27,20,19],"tags":[],"municipio":[],"class_list":["post-3088","post","type-post","status-publish","format-standard","has-post-thumbnail","hentry","category-assistencia-social","category-carrousel","category-inclusao","category-seguranca"],"acf":[],"_links":{"self":[{"href":"https:\/\/betodoisaum.com.br\/site\/wp-json\/wp\/v2\/posts\/3088","targetHints":{"allow":["GET"]}}],"collection":[{"href":"https:\/\/betodoisaum.com.br\/site\/wp-json\/wp\/v2\/posts"}],"about":[{"href":"https:\/\/betodoisaum.com.br\/site\/wp-json\/wp\/v2\/types\/post"}],"author":[{"embeddable":true,"href":"https:\/\/betodoisaum.com.br\/site\/wp-json\/wp\/v2\/users\/2"}],"replies":[{"embeddable":true,"href":"https:\/\/betodoisaum.com.br\/site\/wp-json\/wp\/v2\/comments?post=3088"}],"version-history":[{"count":0,"href":"https:\/\/betodoisaum.com.br\/site\/wp-json\/wp\/v2\/posts\/3088\/revisions"}],"wp:featuredmedia":[{"embeddable":true,"href":"https:\/\/betodoisaum.com.br\/site\/wp-json\/wp\/v2\/media\/3089"}],"wp:attachment":[{"href":"https:\/\/betodoisaum.com.br\/site\/wp-json\/wp\/v2\/media?parent=3088"}],"wp:term":[{"taxonomy":"category","embeddable":true,"href":"https:\/\/betodoisaum.com.br\/site\/wp-json\/wp\/v2\/categories?post=3088"},{"taxonomy":"post_tag","embeddable":true,"href":"https:\/\/betodoisaum.com.br\/site\/wp-json\/wp\/v2\/tags?post=3088"},{"taxonomy":"municipio","embeddable":true,"href":"https:\/\/betodoisaum.com.br\/site\/wp-json\/wp\/v2\/municipio?post=3088"}],"curies":[{"name":"wp","href":"https:\/\/api.w.org\/{rel}","templated":true}]}}