{"id":3130,"date":"2023-06-06T14:29:02","date_gmt":"2023-06-06T18:29:02","guid":{"rendered":"https:\/\/betodoisaum.com.br\/site\/?p=3130"},"modified":"2023-08-22T10:50:50","modified_gmt":"2023-08-22T14:50:50","slug":"camara-setorial-tematica-da-cultura-e-instalada-na-almt-com-casa-cheia","status":"publish","type":"post","link":"https:\/\/betodoisaum.com.br\/site\/camara-setorial-tematica-da-cultura-e-instalada-na-almt-com-casa-cheia\/","title":{"rendered":"C\u00e2mara Setorial Tem\u00e1tica da Cultura \u00e9 instalada na ALMT com casa cheia"},"content":{"rendered":"\n<p>Com o Plen\u00e1rio de Delibera\u00e7\u00f5es Ren\u00ea Barbour tomado por artistas, produtores, gestores e agentes culturais, a C\u00e2mara Setorial Tem\u00e1tica da Cultura foi oficialmente instalada na manh\u00e3 desta ter\u00e7a-feira (06).<\/p>\n\n\n\n<p>Ciceroneado pelo deputado Beto Dois a Um (PSB), representantes de 35 munic\u00edpio estiveram presentes, mais de 250 pessoas compareceram \u00e0 cerim\u00f4nia. A inciativa tem o objetivo de diagnosticar, avaliar e discutir pol\u00edticas p\u00fablicas para o fortalecimento do setor da cultura em Mato Grosso.<\/p>\n\n\n\n<p>Entre apresenta\u00e7\u00f5es art\u00edsticas e falas em defesa dos direitos dos profissionais de cultura, os pontos que mais ganharam destaque foram a municipaliza\u00e7\u00e3o da cultura, a descentraliza\u00e7\u00e3o dos recursos, a continuidade dos editais de fomento e constru\u00e7\u00e3o de pol\u00edticas p\u00fablicas permanentes.<\/p>\n\n\n\n<p>\u201cTemos um Estado com dimens\u00f5es continentais e, se n\u00e3o tivermos pol\u00edticas p\u00fablicas inclusivas que coloquem todos em condi\u00e7\u00f5es de igualdade de disputar editais e entender como funcionam os editais, a cultura n\u00e3o avan\u00e7a. A municipaliza\u00e7\u00e3o deve ser pauta priorit\u00e1ria. A CST ter\u00e1 um bom conte\u00fado para avan\u00e7armos para que todos os movimentos culturais se sintam representados, para que gestores municipais se sintam amparados. Temos que fortalecer nossos gestores municipais para que eles estejam cada vez mais capacitados\u201d, destacou Beto Dois a Um.<\/p>\n\n\n\n<p>Para o secret\u00e1rio adjunto de Cultura de Mato Grosso, Jan Moura, o maior desafio da CST ser\u00e1 o de encontrar uma solu\u00e7\u00e3o para transformar a Cultura em pol\u00edtica p\u00fablica.<\/p>\n\n\n\n<p>\u201cA pol\u00edtica cultural estadual se fortalece quando a pol\u00edtica cultural municipal tamb\u00e9m se fortalece, portanto, nada melhor do que ter editais municipais ao inv\u00e9s de editais estaduais, afinal, \u00e9 o gestor municipal que conhece os gargalos da sua regi\u00e3o\u201d, disse.<\/p>\n\n\n\n<p>Ressaltando a import\u00e2ncia de que a CST possa subsidiar a Assembleia Legislativa com dados t\u00e9cnicos e com informa\u00e7\u00f5es precisas do setor, o pr\u00f3-reitor de Cultura e Extens\u00e3o da Universidade Federal de Mato Grosso (UFMT), maestro Fabr\u00edcio Carvalho, afirma que com a CST todos ter\u00e3o a capacidade de participar das discuss\u00f5es, podendo apresentar cr\u00edticas e propor solu\u00e7\u00f5es para melhorar e ampliar as pol\u00edticas p\u00fablicas estaduais e municipais.<\/p>\n\n\n\n<p>Membro da CST e vice-presidente do Conselho Estadual de Cultura de Mato Grosso (CEC\/MT), Adnilson da Silva Lara, o DJ Taba, refor\u00e7a a import\u00e2ncia da cultura na economia do Estado e dos munic\u00edpios. Citando dados, Taba lembra que a cada R$ 1 gasto no setor cultural, Mato Grosso tem um retorno de cerca de R$ 3, incluindo os setores de hotelaria, alimenta\u00e7\u00e3o, mercados e tudo mais que envolvem a cadeia econ\u00f4mica.<\/p>\n\n\n\n<p>\u201cTemos a economia criativa que precisa ser aprofundada, as leis de patrim\u00f4nio que s\u00e3o fundamentais, temos um patrim\u00f4nio rico em Mato Grosso, tanto material quanto imaterial e vamos debater essas leis para atualiz\u00e1-las. Leis de fomento ao setor cultural que precisam ter o aporte das empresas e melhor financiar o setor cultural no estado. Temos que implementar uma lei de cultura que possa ser h\u00edbrida\u201d, conclui Taba.<\/p>\n\n\n\n<figure class=\"wp-block-gallery has-nested-images columns-default is-cropped wp-block-gallery-1 is-layout-flex wp-block-gallery-is-layout-flex\">\n<figure class=\"wp-block-image size-large\"><a href=\"https:\/\/betodoisaum.com.br\/site\/galeria-de-foto\/abertura-da-cst-cultura\/\"><img fetchpriority=\"high\" decoding=\"async\" width=\"1024\" height=\"683\" data-id=\"3142\" src=\"https:\/\/betodoisaum.com.br\/site\/wp-content\/uploads\/2023\/06\/961-1024x683.webp\" alt=\"\" class=\"wp-image-3142\" srcset=\"https:\/\/betodoisaum.com.br\/site\/wp-content\/uploads\/2023\/06\/961-1024x683.webp 1024w, https:\/\/betodoisaum.com.br\/site\/wp-content\/uploads\/2023\/06\/961-300x200.webp 300w, https:\/\/betodoisaum.com.br\/site\/wp-content\/uploads\/2023\/06\/961-768x512.webp 768w, https:\/\/betodoisaum.com.br\/site\/wp-content\/uploads\/2023\/06\/961-1536x1024.webp 1536w, https:\/\/betodoisaum.com.br\/site\/wp-content\/uploads\/2023\/06\/961-2048x1365.webp 2048w\" sizes=\"(max-width: 1024px) 100vw, 1024px\" \/><\/a><figcaption class=\"wp-element-caption\">Foto: Tiago Machado \/ Assessoria<\/figcaption><\/figure>\n\n\n\n<figure class=\"wp-block-image size-large\"><a href=\"https:\/\/betodoisaum.com.br\/site\/galeria-de-foto\/abertura-da-cst-cultura\/\"><img decoding=\"async\" width=\"1024\" height=\"683\" data-id=\"3138\" src=\"https:\/\/betodoisaum.com.br\/site\/wp-content\/uploads\/2023\/06\/767-1024x683.webp\" alt=\"\" class=\"wp-image-3138\" srcset=\"https:\/\/betodoisaum.com.br\/site\/wp-content\/uploads\/2023\/06\/767-1024x683.webp 1024w, https:\/\/betodoisaum.com.br\/site\/wp-content\/uploads\/2023\/06\/767-300x200.webp 300w, https:\/\/betodoisaum.com.br\/site\/wp-content\/uploads\/2023\/06\/767-768x512.webp 768w, https:\/\/betodoisaum.com.br\/site\/wp-content\/uploads\/2023\/06\/767-1536x1024.webp 1536w, https:\/\/betodoisaum.com.br\/site\/wp-content\/uploads\/2023\/06\/767-2048x1365.webp 2048w\" sizes=\"(max-width: 1024px) 100vw, 1024px\" \/><\/a><figcaption class=\"wp-element-caption\">Foto: Tiago Machado \/ Assessoria<\/figcaption><\/figure>\n\n\n\n<figure class=\"wp-block-image size-large\"><a href=\"https:\/\/betodoisaum.com.br\/site\/galeria-de-foto\/abertura-da-cst-cultura\/\"><img decoding=\"async\" width=\"1024\" height=\"683\" data-id=\"3139\" src=\"https:\/\/betodoisaum.com.br\/site\/wp-content\/uploads\/2023\/06\/797-1024x683.webp\" alt=\"\" class=\"wp-image-3139\" srcset=\"https:\/\/betodoisaum.com.br\/site\/wp-content\/uploads\/2023\/06\/797-1024x683.webp 1024w, https:\/\/betodoisaum.com.br\/site\/wp-content\/uploads\/2023\/06\/797-300x200.webp 300w, https:\/\/betodoisaum.com.br\/site\/wp-content\/uploads\/2023\/06\/797-768x512.webp 768w, https:\/\/betodoisaum.com.br\/site\/wp-content\/uploads\/2023\/06\/797-1536x1024.webp 1536w, https:\/\/betodoisaum.com.br\/site\/wp-content\/uploads\/2023\/06\/797-2048x1365.webp 2048w\" sizes=\"(max-width: 1024px) 100vw, 1024px\" \/><\/a><figcaption class=\"wp-element-caption\">Foto: Tiago Machado \/ Assessoria<\/figcaption><\/figure>\n<\/figure>\n\n\n\n<p><\/p>\n\n\n\n<div class=\"wp-block-buttons is-layout-flex wp-block-buttons-is-layout-flex\">\n<div class=\"wp-block-button\"><a class=\"wp-block-button__link wp-element-button\" href=\"https:\/\/betodoisaum.com.br\/site\/galeria-de-foto\/abertura-da-cst-cultura\/\">+ FOTOS<\/a><\/div>\n<\/div>\n","protected":false},"excerpt":{"rendered":"<p>Entre apresenta\u00e7\u00f5es art\u00edsticas e falas em defesa dos direitos dos profissionais de cultura, os pontos que mais ganharam destaque foram a municipaliza\u00e7\u00e3o da cultura, a descentraliza\u00e7\u00e3o dos recursos, a continuidade dos editais de fomento e constru\u00e7\u00e3o de pol\u00edticas p\u00fablicas permanentes<\/p>\n","protected":false},"author":2,"featured_media":3159,"comment_status":"open","ping_status":"open","sticky":false,"template":"","format":"standard","meta":{"_acf_changed":false,"footnotes":""},"categories":[27,67,21],"tags":[],"municipio":[],"class_list":["post-3130","post","type-post","status-publish","format-standard","has-post-thumbnail","hentry","category-carrousel","category-cst-cultura","category-cultura"],"acf":[],"_links":{"self":[{"href":"https:\/\/betodoisaum.com.br\/site\/wp-json\/wp\/v2\/posts\/3130","targetHints":{"allow":["GET"]}}],"collection":[{"href":"https:\/\/betodoisaum.com.br\/site\/wp-json\/wp\/v2\/posts"}],"about":[{"href":"https:\/\/betodoisaum.com.br\/site\/wp-json\/wp\/v2\/types\/post"}],"author":[{"embeddable":true,"href":"https:\/\/betodoisaum.com.br\/site\/wp-json\/wp\/v2\/users\/2"}],"replies":[{"embeddable":true,"href":"https:\/\/betodoisaum.com.br\/site\/wp-json\/wp\/v2\/comments?post=3130"}],"version-history":[{"count":0,"href":"https:\/\/betodoisaum.com.br\/site\/wp-json\/wp\/v2\/posts\/3130\/revisions"}],"wp:featuredmedia":[{"embeddable":true,"href":"https:\/\/betodoisaum.com.br\/site\/wp-json\/wp\/v2\/media\/3159"}],"wp:attachment":[{"href":"https:\/\/betodoisaum.com.br\/site\/wp-json\/wp\/v2\/media?parent=3130"}],"wp:term":[{"taxonomy":"category","embeddable":true,"href":"https:\/\/betodoisaum.com.br\/site\/wp-json\/wp\/v2\/categories?post=3130"},{"taxonomy":"post_tag","embeddable":true,"href":"https:\/\/betodoisaum.com.br\/site\/wp-json\/wp\/v2\/tags?post=3130"},{"taxonomy":"municipio","embeddable":true,"href":"https:\/\/betodoisaum.com.br\/site\/wp-json\/wp\/v2\/municipio?post=3130"}],"curies":[{"name":"wp","href":"https:\/\/api.w.org\/{rel}","templated":true}]}}