{"id":3176,"date":"2023-06-07T11:06:17","date_gmt":"2023-06-07T15:06:17","guid":{"rendered":"https:\/\/betodoisaum.com.br\/site\/?p=3176"},"modified":"2023-06-07T11:06:18","modified_gmt":"2023-06-07T15:06:18","slug":"beto-dois-a-um-abre-encontro-de-gestores-municipais-de-cultura-para-discutir-lei-paulo-gustavo","status":"publish","type":"post","link":"https:\/\/betodoisaum.com.br\/site\/beto-dois-a-um-abre-encontro-de-gestores-municipais-de-cultura-para-discutir-lei-paulo-gustavo\/","title":{"rendered":"Beto Dois a Um abre Encontro de Gestores Municipais de Cultura para discutir Lei Paulo Gustavo"},"content":{"rendered":"\n<p><\/p>\n\n\n\n<p>Nesta quarta-feira (07.06), no Cine Teatro Cuiab\u00e1, o deputado Beto Dois a Um participou do 2\u00ba Encontro de Gestores Municipais de Cultura para capacita\u00e7\u00e3o e escuta da sociedade civil sobre o repasse dos recursos da nov\u00edssima Lei Paulo Gustavo.<\/p>\n\n\n\n<p>Com participa\u00e7\u00e3o do Minist\u00e9rio da Cultura, o evento aberto ao p\u00fablico integra a programa\u00e7\u00e3o de oficinas tem\u00e1ticas sobre a Lei Paulo Gustavo, que est\u00e3o sendo realizadas em todo pa\u00eds pelo Minist\u00e9rio da Cultura em parceria com as Secretarias Estaduais.<\/p>\n\n\n\n<p>Na abertura do evento, o parlamentar lembrou do sucesso da Lei Aldir Blanc quando aplicada em Mato Grosso. A \u00e9poca, Beto Dois a Um estava \u00e0 frente da Secretaria de Estado de Cultura.<\/p>\n\n\n\n<p>\u201cMato Grosso teve uma das melhores execu\u00e7\u00f5es da Lei Aldir Blanc em todo o Brasil. Esse desempenho s\u00f3 foi poss\u00edvel gra\u00e7as a dedica\u00e7\u00e3o do tima\u00e7o da Secel-MT e do Governo de Mato Grosso que entende a import\u00e2ncia da cultura na vida das pessoas. Agora, temos um pouco mais de tempo e experi\u00eancia para essa nova Lei, e os resutados t\u00eam tudo para serem ainda melhores\u201d, destacou Beto.<\/p>\n\n\n\n<p>O representante do Minc, coordenador-geral de Orienta\u00e7\u00e3o e Capacita\u00e7\u00e3o da Diretoria de Assist\u00eancia T\u00e9cnica, Binho Riani Perinotto, tamb\u00e9m destacou o desempenho da Secel-MT na aplica\u00e7\u00e3o da Lei Aldir Blanc.<\/p>\n\n\n\n<p>\u201cMato Grosso avan\u00e7ou com excelente execu\u00e7\u00e3o da Lei. J\u00e1 sabemos que o empenho dos gestores \u00e9 fundamental para boa exclus\u00e3o da Lei Paulo Gustavo\u201d, disse.<\/p>\n\n\n\n<p>O evento contou com a presen\u00e7a de agentes e gestores culturais, representantes do Conselho de Cultura, artistas e membros do Governo.<\/p>\n\n\n\n<p><strong>Lei Paulo Gustavo em Mato Grosso<\/strong><\/p>\n\n\n\n<p>Desde a regulamenta\u00e7\u00e3o da Lei Paulo Gustavo (Lei Complementar n\u00ba 195\/2022), pelo Governo Federal, a Secel tem realizado a\u00e7\u00f5es para garantir a participa\u00e7\u00e3o da sociedade civil na elabora\u00e7\u00e3o das pol\u00edticas p\u00fablicas que ser\u00e3o implantadas com o recurso. Est\u00e3o previstos R$ 34,9 milh\u00f5es para gest\u00e3o do Estado e R$ 31,5 milh\u00f5es para a gest\u00e3o pr\u00f3pria dos munic\u00edpios.<\/p>\n\n\n\n<p>\u201cEstamos no momento de planejamento, fase em que estados e munic\u00edpios se organizam, ouvem a sociedade e se preparam para obten\u00e7\u00e3o deste recurso. \u00c9 muito importante que os gestores municipais de Mato Grosso estejam atentos e elaborem seus planos de a\u00e7\u00e3o para n\u00e3o perdermos os recursos\u201d, destaca o secret\u00e1rio adjunto de Cultura, Jan Moura.<\/p>\n\n\n\n<p>Ao final dos eventos e a\u00e7\u00f5es, a Secel tem at\u00e9 11 de julho para enviar ao Governo Federal um Plano de A\u00e7\u00e3o com descritivo das iniciativas que ser\u00e3o implementadas em Mato Grosso. Entre elas, devem constar editais, chamamentos p\u00fablicos, pr\u00eamios e outras.<\/p>\n\n\n\n<p><strong><em>Da Assessoria <\/em><\/strong><\/p>\n","protected":false},"excerpt":{"rendered":"<p>Com participa\u00e7\u00e3o do Minist\u00e9rio da Cultura, o evento aberto ao p\u00fablico integra a programa\u00e7\u00e3o de oficinas tem\u00e1ticas sobre a Lei Paulo Gustavo<\/p>\n","protected":false},"author":2,"featured_media":3177,"comment_status":"open","ping_status":"open","sticky":false,"template":"","format":"standard","meta":{"_acf_changed":false,"footnotes":""},"categories":[27,21],"tags":[],"municipio":[],"class_list":["post-3176","post","type-post","status-publish","format-standard","has-post-thumbnail","hentry","category-carrousel","category-cultura"],"acf":[],"_links":{"self":[{"href":"https:\/\/betodoisaum.com.br\/site\/wp-json\/wp\/v2\/posts\/3176","targetHints":{"allow":["GET"]}}],"collection":[{"href":"https:\/\/betodoisaum.com.br\/site\/wp-json\/wp\/v2\/posts"}],"about":[{"href":"https:\/\/betodoisaum.com.br\/site\/wp-json\/wp\/v2\/types\/post"}],"author":[{"embeddable":true,"href":"https:\/\/betodoisaum.com.br\/site\/wp-json\/wp\/v2\/users\/2"}],"replies":[{"embeddable":true,"href":"https:\/\/betodoisaum.com.br\/site\/wp-json\/wp\/v2\/comments?post=3176"}],"version-history":[{"count":0,"href":"https:\/\/betodoisaum.com.br\/site\/wp-json\/wp\/v2\/posts\/3176\/revisions"}],"wp:featuredmedia":[{"embeddable":true,"href":"https:\/\/betodoisaum.com.br\/site\/wp-json\/wp\/v2\/media\/3177"}],"wp:attachment":[{"href":"https:\/\/betodoisaum.com.br\/site\/wp-json\/wp\/v2\/media?parent=3176"}],"wp:term":[{"taxonomy":"category","embeddable":true,"href":"https:\/\/betodoisaum.com.br\/site\/wp-json\/wp\/v2\/categories?post=3176"},{"taxonomy":"post_tag","embeddable":true,"href":"https:\/\/betodoisaum.com.br\/site\/wp-json\/wp\/v2\/tags?post=3176"},{"taxonomy":"municipio","embeddable":true,"href":"https:\/\/betodoisaum.com.br\/site\/wp-json\/wp\/v2\/municipio?post=3176"}],"curies":[{"name":"wp","href":"https:\/\/api.w.org\/{rel}","templated":true}]}}