{"id":3744,"date":"2023-07-12T10:29:20","date_gmt":"2023-07-12T14:29:20","guid":{"rendered":"https:\/\/betodoisaum.com.br\/site\/?p=3744"},"modified":"2023-08-16T15:30:02","modified_gmt":"2023-08-16T19:30:02","slug":"beto-dois-a-um-apresenta-352-proposicoes-no-primeiro-semestre-de-2023","status":"publish","type":"post","link":"https:\/\/betodoisaum.com.br\/site\/beto-dois-a-um-apresenta-352-proposicoes-no-primeiro-semestre-de-2023\/","title":{"rendered":"Beto Dois a Um apresenta 352 proposi\u00e7\u00f5es no primeiro semestre de 2023"},"content":{"rendered":"\n<p>Nos primeiros seis meses de mandato, o estreante deputado estadual Beto Dois a Um (PSB) ostenta n\u00fameros positivos em sua produ\u00e7\u00e3o parlamentar. S\u00e3o <a href=\"https:\/\/www.al.mt.gov.br\/parlamento\/deputados\/401\/perfil\">352 proposi\u00e7\u00f5es<\/a> em tramita\u00e7\u00e3o na Assembleia Legislativa de Mato Grosso e 1.422 atendimentos em seu gabinete, al\u00e9m de visitas a 41 munic\u00edpios de Mato Grosso e uma viagem internacional representando a ALMT.<\/p>\n\n\n\n<p>Trocando em mi\u00fados, o parlamentar apresentou <a href=\"https:\/\/www.al.mt.gov.br\/proposicao\/?tipoPropositura=6&amp;autor=Beto%20Dois%20a%20Um\">283 indica\u00e7\u00f5es<\/a>, <a href=\"https:\/\/www.al.mt.gov.br\/proposicao\/?tipoPropositura=1&amp;autor=Beto%20Dois%20a%20Um\">8 projetos de lei<\/a>, <a href=\"https:\/\/www.al.mt.gov.br\/proposicao\/?tipoPropositura=7&amp;autor=Beto%20Dois%20a%20Um\">7 requerimentos<\/a>, <a href=\"https:\/\/www.al.mt.gov.br\/proposicao\/?tipoPropositura=8&amp;autor=Beto%20Dois%20a%20Um\">48 mo\u00e7\u00f5es de congratula\u00e7\u00e3o<\/a>, <a href=\"https:\/\/www.al.mt.gov.br\/proposicao\/?tipoPropositura=10&amp;autor=Beto%20Dois%20a%20Um\">4 mo\u00e7\u00f5es de aplausos<\/a>, <a href=\"https:\/\/www.al.mt.gov.br\/proposicao\/?tipoPropositura=9&amp;autor=Beto%20Dois%20a%20Um\">2 mo\u00e7\u00f5es de pesar<\/a> e <a href=\"https:\/\/www.al.mt.gov.br\/proposicao\/?tipoPropositura=2&amp;autor=Beto%20Dois%20a%20Um\">um projeto de lei complementar<\/a>.<\/p>\n\n\n\n<p>\u201cExercer a fun\u00e7\u00e3o de deputado estadual requer muita responsabilidade, sensibilidade para compreender as principais necessidades da popula\u00e7\u00e3o e determina\u00e7\u00e3o para realizar. Sou muito grato pela oportunidade, queria muito estar aqui, e agora que conseguimos, n\u00e3o descansarei. Vou honrar cada voto, minha miss\u00e3o \u00e9 contribuir para que Mato Grosso seja um estado cada vez mais justo\u201d, diz Beto Dois a Um.<\/p>\n\n\n\n<p>Sobre os projetos de lei em tramita\u00e7\u00e3o est\u00e3o: PL 990\/2023, sobre altera\u00e7\u00f5es na Lei 10.941, prevendo gratuidade de inscri\u00e7\u00e3o a pessoas com defici\u00eancia em competi\u00e7\u00f5es esportivas em Mato Grosso; PL 925\/2023, este sobre altera\u00e7\u00e3o da Lei 10.134\/2014, que obriga a reserva de assento ao acompanhante de pessoa com defici\u00eancia; altera\u00e7\u00e3o na Lei 12.050\/2020, que disp\u00f5e sobre o pagamento de meia-entrada nos pontos tur\u00edsticos; PL n\u00ba 1359\/2023, que institui a Semana Estadual de Hip-Hop; PL 1360\/2023, que declara a cultura Hip-Hop Patrim\u00f4nio Cultural imaterial de MT; PL 1423\/2023 institui o \u201cCaminho Real\u201d, localizado entre Araguaiana e Cuiab\u00e1, como rota tur\u00edstica em Mato Grosso; PL 1592\/2023, para campanha de orienta\u00e7\u00e3o sobre a distribui\u00e7\u00e3o de soros antiof\u00eddicos e Imunobiol\u00f3gicos; PL 1594\/2023, que declara Patrim\u00f4nio Hist\u00f3rico, Art\u00edstico, Cultural, Material e Imaterial todo artesanato produzido em Mato Grosso.<\/p>\n\n\n\n<p>Com experi\u00eancia no setor cultural, ex-secret\u00e1rio de Cultura de Mato Grosso, Beto Dois a Um teve participa\u00e7\u00e3o ativa nos ajustes do Projeto de Lei que limita valores oriundos de recursos p\u00fablicos estaduais para realiza\u00e7\u00e3o de shows e eventos, apresentado por lideran\u00e7as partid\u00e1rias, aprovado em segunda vota\u00e7\u00e3o por unanimidade.<\/p>\n\n\n\n<p>Entre as 283 indica\u00e7\u00f5es \u2013 quando o deputado encaminha demandas necess\u00e1rias para o Governo do Estado \u2013 destacam-se: Destina\u00e7\u00e3o de recursos para manuten\u00e7\u00e3o do Hospital Laura de Vicun\u00e3, no munic\u00edpio de Nobres; reforma do Hospital Municipal de Brasnorte, no munic\u00edpio de Brasnorte; reforma do Gin\u00e1sio Poliesportivo Anderson Pellin, no munic\u00edpio de Tapurah; recursos para custeio da Sa\u00fade do munic\u00edpio de Ita\u00faba; dois \u00f4nibus escolares para atender a Escola Militar Estadual de Primavera do Leste; disponibiliza\u00e7\u00e3o de um servidor M\u00e9dico Perito para a ag\u00eancia do INSS, no munic\u00edpio de Pontes e Lacerda; pavimenta\u00e7\u00e3o asf\u00e1ltica nas ruas do Bairro Jardim S\u00e3o Paulo, no munic\u00edpio de Mirassol D\u2019Oeste; caminh\u00e3o compactador de lixo para atender o munic\u00edpio de Figueir\u00f3polis D\u2019Oeste.<\/p>\n\n\n\n<p>Vice-l\u00edder do Governo na AL MT, Beto \u00e9 ainda membro de sete Comiss\u00f5es Parlamentares: Trabalho e Administra\u00e7\u00e3o P\u00fablica (do qual \u00e9 presidente da comiss\u00e3o); Educa\u00e7\u00e3o, Ci\u00eancia, Tecnologia, Cultura e Desporto; Ind\u00fastria, Com\u00e9rcio e Turismo; Meio Ambiente, Recursos H\u00eddricos e Recursos Minerais; Defesa do Consumidor e do Contribuinte; Seguran\u00e7a P\u00fablica e Comunit\u00e1ria; e Sa\u00fade, Previd\u00eancia e Assist\u00eancia Social.<\/p>\n\n\n\n<p>Em suas andan\u00e7as por Mato Grosso, no primeiro semestre de 2023, visitou os munic\u00edpios de Ju\u00edna, Nova Mutum, Pocon\u00e9, C\u00e1ceres, Santo Ant\u00f4nio de Leverger, Campo Verde, Barra do Gar\u00e7as e outros.<\/p>\n\n\n\n<p>\u201cPenso sempre em descomplicar, desburocratizar, facilitar e, principalmente, ouvir as pessoas com aten\u00e7\u00e3o m\u00e1xima \u00e0s demandas. Tenho esse perfil de resolver problemas, n\u00e3o procrastino nunca\u201d, revela.<\/p>\n\n\n\n<p><strong><em>Da Assessoria <\/em><\/strong> <\/p>\n","protected":false},"excerpt":{"rendered":"<p>Em tramita\u00e7\u00e3o na ALMT est\u00e3o 283 indica\u00e7\u00f5es, 8 projetos de lei, 7 requerimentos, 48 mo\u00e7\u00f5es de congratula\u00e7\u00e3o, 4 mo\u00e7\u00f5es de aplausos, 2 mo\u00e7\u00f5es de pesar e um projeto de lei complementar<\/p>\n","protected":false},"author":2,"featured_media":3189,"comment_status":"open","ping_status":"open","sticky":false,"template":"","format":"standard","meta":{"_acf_changed":false,"footnotes":""},"categories":[27,12,11],"tags":[36,35,46,43,50,37,49],"municipio":[],"class_list":["post-3744","post","type-post","status-publish","format-standard","has-post-thumbnail","hentry","category-carrousel","category-geral","category-noticias","tag-20legislatura","tag-assembleia-legislativa","tag-cultura","tag-esporte","tag-mandato","tag-politica","tag-projeto-de-lei"],"acf":[],"_links":{"self":[{"href":"https:\/\/betodoisaum.com.br\/site\/wp-json\/wp\/v2\/posts\/3744","targetHints":{"allow":["GET"]}}],"collection":[{"href":"https:\/\/betodoisaum.com.br\/site\/wp-json\/wp\/v2\/posts"}],"about":[{"href":"https:\/\/betodoisaum.com.br\/site\/wp-json\/wp\/v2\/types\/post"}],"author":[{"embeddable":true,"href":"https:\/\/betodoisaum.com.br\/site\/wp-json\/wp\/v2\/users\/2"}],"replies":[{"embeddable":true,"href":"https:\/\/betodoisaum.com.br\/site\/wp-json\/wp\/v2\/comments?post=3744"}],"version-history":[{"count":0,"href":"https:\/\/betodoisaum.com.br\/site\/wp-json\/wp\/v2\/posts\/3744\/revisions"}],"wp:featuredmedia":[{"embeddable":true,"href":"https:\/\/betodoisaum.com.br\/site\/wp-json\/wp\/v2\/media\/3189"}],"wp:attachment":[{"href":"https:\/\/betodoisaum.com.br\/site\/wp-json\/wp\/v2\/media?parent=3744"}],"wp:term":[{"taxonomy":"category","embeddable":true,"href":"https:\/\/betodoisaum.com.br\/site\/wp-json\/wp\/v2\/categories?post=3744"},{"taxonomy":"post_tag","embeddable":true,"href":"https:\/\/betodoisaum.com.br\/site\/wp-json\/wp\/v2\/tags?post=3744"},{"taxonomy":"municipio","embeddable":true,"href":"https:\/\/betodoisaum.com.br\/site\/wp-json\/wp\/v2\/municipio?post=3744"}],"curies":[{"name":"wp","href":"https:\/\/api.w.org\/{rel}","templated":true}]}}