{"id":3838,"date":"2023-08-07T17:33:32","date_gmt":"2023-08-07T21:33:32","guid":{"rendered":"https:\/\/betodoisaum.com.br\/site\/?p=3838"},"modified":"2023-08-22T10:50:50","modified_gmt":"2023-08-22T14:50:50","slug":"trabalhadores-da-cultura-debatem-futuro-da-classe-em-primeira-reuniao-publica-da-cst","status":"publish","type":"post","link":"https:\/\/betodoisaum.com.br\/site\/trabalhadores-da-cultura-debatem-futuro-da-classe-em-primeira-reuniao-publica-da-cst\/","title":{"rendered":"Trabalhadores da cultura debatem futuro da classe em primeira reuni\u00e3o p\u00fablica da CST"},"content":{"rendered":"\n<p>Na manh\u00e3 desta segunda-feira (07.08), representantes da classe art\u00edstica e cultural de Mato Grosso lotaram a sala 202 (Sarita Baracat) da Assembleia Legislativa na primeira reuni\u00e3o p\u00fablica da C\u00e2mara Setorial Tem\u00e1tica (CST) da Cultura. Mais de 80 participantes presenciais e outros 50 participaram virtualmente. <\/p>\n\n\n\n<p>Com a miss\u00e3o de diagnosticar, avaliar e discutir pol\u00edticas p\u00fablicas para o fortalecimento do setor cultural em Mato Grosso, o primeiro encontro contou com profissionais de diversos segmentos da cultura, de todas as regi\u00f5es do estado, presencial ou virtualmente.<\/p>\n\n\n\n<p>O presidente da CST da Cultura, deputado Beto Dois a Um (PSB), apresentou as propostas mais sugeridas no relat\u00f3rio produzido. Entre elas, a revis\u00e3o das leis vigentes para o setor, as possibilidades na capta\u00e7\u00e3o e distribui\u00e7\u00e3o dos recursos, al\u00e9m da constru\u00e7\u00e3o de uma nova pol\u00edtica estadual de fomento e desenvolvimento da cultura e da economia criativa.<\/p>\n\n\n\n<p>\u201cA CST come\u00e7a a trabalhar e dar os primeiros passos importantes para que sejam identificadas as demandas dos mais variados segmentos da cultura. Precisamos que todos os munic\u00edpios sejam representados, sem exce\u00e7\u00e3o. Esse primeiro encontro simboliza o ponto de virada, o start para uma grande mudan\u00e7a na cultura em Mato Grosso. Com a participa\u00e7\u00e3o de todos podemos construir juntos novos caminhos\u201d, destaca o parlamentar.<\/p>\n\n\n\n<p>Entre as pautas discutidas no primeiro encontro, a apresenta\u00e7\u00e3o de dados e demandas encaminhadas por artistas e agentes da cultura exibiu um panorama detalhado dos anseios da classe. A professora de teatro de Alta Floresta, Elisa Gomes Machado, destacou a import\u00e2ncia do debate e a necessidade de unir for\u00e7as.<\/p>\n\n\n\n<p>\u201cEstou na cultura h\u00e1 mais de 40 anos e posso dizer com autoridade que \u00e9 essencial que nossas leis sejam debatidas com quem faz cultura. Pol\u00edticas p\u00fablicas de verdade, e tem que partir das nossas confer\u00eancias, discutidas com quem faz cultura, como est\u00e1 ocorrendo aqui hoje. Eu olho ao redor nesta sala e vejo tantos trabalhadores da cultura que batalham h\u00e1 d\u00e9cadas, e continuam na luta. N\u00e3o queremos mais passar o pires. O Beto (Dois a Um) foi sens\u00edvel a causa quando era secret\u00e1rio de Cultura no Estado (Secel-MT) e fez a diferen\u00e7a, deixou um verdadeiro legado. O que ele est\u00e1 nos proporcionando agora \u00e9 a oportunidade de discutirmos e construirmos juntos, fortalecendo assim, a nossa cultura\u201d, declarou.<\/p>\n\n\n\n<p>Luciene Carvalho, poeta e escritora, imortal da Academia Mato-grossense de Letras, tamb\u00e9m esteve na ALMT e destacou a oportunidade que a CST tem para p\u00f4r em pr\u00e1tica as leis da cultura j\u00e1 existentes no estado.<\/p>\n\n\n\n<p>\u201cEu penso que um dos papeis mais relevantes dessa C\u00e2mara Setorial Tem\u00e1tica \u00e9 fazer valer as leis de cultura que j\u00e1 temos no estado. E se n\u00f3s fizermos s\u00f3 isso, j\u00e1 estaremos dando um passo importante. Assim podemos garantir a cria\u00e7\u00e3o de novos mercados, transversalidade de linguagem art\u00edstica e tudo mais que almejamos para a cultura. O artista precisa da dignidade de viver de arte. O que queremos \u00e9 simples, fazer cultura em um estado rico em cultura. N\u00e3o precisamos de ajuda, precisamos de investimentos\u201d, destacou Luciene.<\/p>\n\n\n\n<p>Acompanhar, analisar e propor melhorias para as pol\u00edticas governamentais de fomento e desenvolvimento do setor, al\u00e9m de maior participa\u00e7\u00e3o dos munic\u00edpios tamb\u00e9m foram discutidos durante a reuni\u00e3o. <\/p>\n\n\n\n<p>\u201cPrecisamos atualizar as leis da cultura para atender as demandas que a classe precisa. O fundo estadual de cultura \u00e9 de suma import\u00e2ncia para o setor, mas infelizmente n\u00e3o temos um aporte financeiro necess\u00e1rio que possa contemplar as demandas, que v\u00e3o ao encontro da gera\u00e7\u00e3o de emprego e renda e com a economia criativa e solid\u00e1ria de Mato Grosso\u201d, enfatizou o vice-presidente do Conselho Estadual de Cultura, Adnilson da Silva, o DJ Taba.<\/p>\n\n\n\n<p>Por fim, Jefferson Neves, secret\u00e1rio da Secel-MT, anunciou que vai levar as demandas colhidas na reuni\u00e3o ao Governo do Estado. <\/p>\n\n\n\n<p>\u201cA gente precisa ouvir o setor e saber quais as dificuldades que enfrentam l\u00e1 fora, e tentar amenizar. Temos que ser pr\u00e1ticos e colocarmos os pedidos da categoria em pr\u00e1tica. Tivemos uma grande evolu\u00e7\u00e3o no quesito or\u00e7amento da Assembleia, que antes era de R$ 11 milh\u00f5es por ano, e com a vinda das emendas parlamentares, quando nossa proposta foi colocada em pr\u00e1tica foi para R$ 128 milh\u00f5es. Um grande avan\u00e7o. Estamos abertos a di\u00e1logo e \u00e0 valoriza\u00e7\u00e3o dos profissionais da cultura em nosso estado.<\/p>\n\n\n\n<p><strong>Pr\u00f3ximas reuni\u00f5es<\/strong><\/p>\n\n\n\n<p>O pr\u00f3ximo encontro da CST da Cultura est\u00e1 programado para o dia 31 de agosto, no Audit\u00f3rio Milton Figueiredo, da Assembleia Legislativa de Mato Grosso, \u00e0s 8h. Os encontros s\u00e3o sempre abertos, qualquer cidad\u00e3o ou cidad\u00e3 pode participar.<\/p>\n\n\n\n<p>J\u00e1 a terceira reuni\u00e3o deve ocorrer em setembro, dia 27 de outubro, um dia antes da Confer\u00eancia Estadual de Cultura. Novamente o encontro da CST ocorrer\u00e1 no Audit\u00f3rio Milton Figueiredo, da ALMT, por\u00e9m, a partir das 14h.<\/p>\n\n\n\n<p>A CST da Cultura segue por 180 dias (prorrog\u00e1veis por igual per\u00edodo) e est\u00e1 organizada em reuni\u00f5es mensais que ocorrem sempre na ALMT. Todas as reuni\u00f5es ser\u00e3o transmitidas ao vivo pela TV ALMT pelos canais: 30.1 e 30.2 (Aberto HD Digital), 3.2 (Rede Legislativa) e 10 (NET TV), canal do Youtube e demais redes sociais da Assembleia Legislativa de Mato Grosso.<\/p>\n\n\n\n<p><strong><em>Da Assessoria <\/em><\/strong><\/p>\n","protected":false},"excerpt":{"rendered":"<p>Mais de 80 pessoas participaram presencialmente, outras 50 pessoas acompanharam pela internet <\/p>\n","protected":false},"author":2,"featured_media":3834,"comment_status":"open","ping_status":"open","sticky":false,"template":"","format":"standard","meta":{"_acf_changed":false,"footnotes":""},"categories":[27,67,21],"tags":[35,46,50,37,49,40],"municipio":[],"class_list":["post-3838","post","type-post","status-publish","format-standard","has-post-thumbnail","hentry","category-carrousel","category-cst-cultura","category-cultura","tag-assembleia-legislativa","tag-cultura","tag-mandato","tag-politica","tag-projeto-de-lei","tag-social"],"acf":[],"_links":{"self":[{"href":"https:\/\/betodoisaum.com.br\/site\/wp-json\/wp\/v2\/posts\/3838","targetHints":{"allow":["GET"]}}],"collection":[{"href":"https:\/\/betodoisaum.com.br\/site\/wp-json\/wp\/v2\/posts"}],"about":[{"href":"https:\/\/betodoisaum.com.br\/site\/wp-json\/wp\/v2\/types\/post"}],"author":[{"embeddable":true,"href":"https:\/\/betodoisaum.com.br\/site\/wp-json\/wp\/v2\/users\/2"}],"replies":[{"embeddable":true,"href":"https:\/\/betodoisaum.com.br\/site\/wp-json\/wp\/v2\/comments?post=3838"}],"version-history":[{"count":0,"href":"https:\/\/betodoisaum.com.br\/site\/wp-json\/wp\/v2\/posts\/3838\/revisions"}],"wp:featuredmedia":[{"embeddable":true,"href":"https:\/\/betodoisaum.com.br\/site\/wp-json\/wp\/v2\/media\/3834"}],"wp:attachment":[{"href":"https:\/\/betodoisaum.com.br\/site\/wp-json\/wp\/v2\/media?parent=3838"}],"wp:term":[{"taxonomy":"category","embeddable":true,"href":"https:\/\/betodoisaum.com.br\/site\/wp-json\/wp\/v2\/categories?post=3838"},{"taxonomy":"post_tag","embeddable":true,"href":"https:\/\/betodoisaum.com.br\/site\/wp-json\/wp\/v2\/tags?post=3838"},{"taxonomy":"municipio","embeddable":true,"href":"https:\/\/betodoisaum.com.br\/site\/wp-json\/wp\/v2\/municipio?post=3838"}],"curies":[{"name":"wp","href":"https:\/\/api.w.org\/{rel}","templated":true}]}}