{"id":3915,"date":"2023-08-17T09:33:51","date_gmt":"2023-08-17T13:33:51","guid":{"rendered":"https:\/\/betodoisaum.com.br\/site\/?p=3915"},"modified":"2023-08-17T09:40:59","modified_gmt":"2023-08-17T13:40:59","slug":"beto-dois-a-um-cobra-melhorias-no-anel-viario-de-barra-do-garcas-falta-de-respeito-com-a-populacao","status":"publish","type":"post","link":"https:\/\/betodoisaum.com.br\/site\/beto-dois-a-um-cobra-melhorias-no-anel-viario-de-barra-do-garcas-falta-de-respeito-com-a-populacao\/","title":{"rendered":"Beto Dois a Um cobra melhorias no anel vi\u00e1rio de Barra do Gar\u00e7as: &#8220;Falta de respeito com a popula\u00e7\u00e3o&#8221;"},"content":{"rendered":"\n<p>Em sess\u00e3o plen\u00e1ria desta quarta-feira (16.08), o deputado estadual Beto Dois a Um (PSB) cobrou do Departamento Nacional de Infraestrutura de Transportes (DNIT), urg\u00eancia para melhorias que garantam a seguran\u00e7a de pedestres que circulam no cruzamento do anel vi\u00e1rio (BR-070) com a rua Ana Cl\u00e1udia, em Barra do Gar\u00e7as. Sem passarelas no local, moradores do bairro Jardim Nova Barra t\u00eam se arriscado em meio a carros e caminh\u00f5es.<\/p>\n\n\n\n<p>Para o parlamentar, a aus\u00eancia de medidas que garantam a seguran\u00e7a das pessoas que transitam pelo local demonstra \u201cfalta de sensibilidade e de respeito\u201d com crian\u00e7as, idosos e popula\u00e7\u00e3o em geral que precisa modificar rotas no dia a dia para atravessar a pista.<\/p>\n\n\n\n<p>\u201cN\u00f3s precisamos urgente de uma posi\u00e7\u00e3o e, por isso, estamos apresentando um requerimento junto ao DNIT para que ele tome uma posi\u00e7\u00e3o em rela\u00e7\u00e3o a essas a\u00e7\u00f5es. Precisamos de instala\u00e7\u00e3o de passarelas da forma mais urgente poss\u00edvel, precisamos de algumas solu\u00e7\u00f5es provis\u00f3rias enquanto essas passarelas n\u00e3o ficam prontas e as obras do contorno vi\u00e1rio precisam avan\u00e7ar\u201d, disse Beto Dois a Um durante a sess\u00e3o.<\/p>\n\n\n\n<p>O deputado tamb\u00e9m informou que recebeu o prefeito de Barra do Gar\u00e7as, Adilson Goncalves (PSD), e vereadores que repassaram a demanda sobre o anel vi\u00e1rio.<\/p>\n\n\n\n<p><strong><em>Da Assessoria <\/em><\/strong><\/p>\n\n\n\n<p><\/p>\n","protected":false},"excerpt":{"rendered":"<p>Sem passarelas no local, moradores do bairro Jardim Nova Barra t\u00eam se arriscado em meio a carros e caminh\u00f5es<\/p>\n","protected":false},"author":2,"featured_media":3807,"comment_status":"open","ping_status":"open","sticky":false,"template":"","format":"standard","meta":{"_acf_changed":false,"footnotes":""},"categories":[27,12,11,19],"tags":[35,50],"municipio":[],"class_list":["post-3915","post","type-post","status-publish","format-standard","has-post-thumbnail","hentry","category-carrousel","category-geral","category-noticias","category-seguranca","tag-assembleia-legislativa","tag-mandato"],"acf":[],"_links":{"self":[{"href":"https:\/\/betodoisaum.com.br\/site\/wp-json\/wp\/v2\/posts\/3915","targetHints":{"allow":["GET"]}}],"collection":[{"href":"https:\/\/betodoisaum.com.br\/site\/wp-json\/wp\/v2\/posts"}],"about":[{"href":"https:\/\/betodoisaum.com.br\/site\/wp-json\/wp\/v2\/types\/post"}],"author":[{"embeddable":true,"href":"https:\/\/betodoisaum.com.br\/site\/wp-json\/wp\/v2\/users\/2"}],"replies":[{"embeddable":true,"href":"https:\/\/betodoisaum.com.br\/site\/wp-json\/wp\/v2\/comments?post=3915"}],"version-history":[{"count":0,"href":"https:\/\/betodoisaum.com.br\/site\/wp-json\/wp\/v2\/posts\/3915\/revisions"}],"wp:featuredmedia":[{"embeddable":true,"href":"https:\/\/betodoisaum.com.br\/site\/wp-json\/wp\/v2\/media\/3807"}],"wp:attachment":[{"href":"https:\/\/betodoisaum.com.br\/site\/wp-json\/wp\/v2\/media?parent=3915"}],"wp:term":[{"taxonomy":"category","embeddable":true,"href":"https:\/\/betodoisaum.com.br\/site\/wp-json\/wp\/v2\/categories?post=3915"},{"taxonomy":"post_tag","embeddable":true,"href":"https:\/\/betodoisaum.com.br\/site\/wp-json\/wp\/v2\/tags?post=3915"},{"taxonomy":"municipio","embeddable":true,"href":"https:\/\/betodoisaum.com.br\/site\/wp-json\/wp\/v2\/municipio?post=3915"}],"curies":[{"name":"wp","href":"https:\/\/api.w.org\/{rel}","templated":true}]}}