{"id":3924,"date":"2023-08-22T10:33:48","date_gmt":"2023-08-22T14:33:48","guid":{"rendered":"https:\/\/betodoisaum.com.br\/site\/?p=3924"},"modified":"2023-08-28T09:33:28","modified_gmt":"2023-08-28T13:33:28","slug":"cst-da-cultura-tem-segunda-reuniao-publica-agendada-para-quinta-feira-31-08","status":"publish","type":"post","link":"https:\/\/betodoisaum.com.br\/site\/cst-da-cultura-tem-segunda-reuniao-publica-agendada-para-quinta-feira-31-08\/","title":{"rendered":"CST da Cultura tem segunda reuni\u00e3o p\u00fablica agendada para quinta-feira (31.08)"},"content":{"rendered":"\n<p>A C\u00e2mara Setorial Tem\u00e1tica (CST) da Cultura tem seu segundo encontro marcado para quinta-feira (31.08), a partir das 14h, no Audit\u00f3rio Milton Figueiredo. A reuni\u00e3o trocou de sala, mas se mant\u00e9m nas depend\u00eancias da Assembleia Legislativa de Mato Grosso, aberta a toda popula\u00e7\u00e3o.<\/p>\n\n\n\n<p>\u201cTrocamos de sala para que os trabalhadores da cultura possam ter mais conforto e mais tempo para discurs\u00f5es, j\u00e1 que o local anterior tinha uma s\u00e9rie de limita\u00e7\u00f5es de espa\u00e7o e tempo de perman\u00eancia na sala\u201d, explica Fernanda Ferreira de Amorim, assessora parlamentar do deputado Beto Dois a Um.<\/p>\n\n\n\n<p>Para a pr\u00f3xima reuni\u00e3o p\u00fablica est\u00e1 reservada a discuss\u00e3o sobre as diretrizes da nova lei da cultura.<\/p>\n\n\n\n<p>\u201cAgora \u00e9 hora de a classe falar, expor suas necessidades e ideias, para que sejam identificadas as demandas dos mais variados segmentos da cultura. Precisamos que todos os munic\u00edpios sejam representados, sem exce\u00e7\u00e3o. E \u00e9 fundamental que os trabalhadores da cultura participem em peso. Para que isso d\u00ea certo, realmente, precisamos unir toda for\u00e7a poss\u00edvel\u201d, alerta Beto Dois a Um.<\/p>\n\n\n\n<p>No encontro que abriu os trabalhos da CST, realizado no in\u00edcio do m\u00eas de agosto, representantes da classe art\u00edstica e cultural de Mato Grosso lotaram a sala 202 (Sarita Baracat) da Assembleia Legislativa. Mais de 80 participantes presenciais e outros 50 participaram virtualmente.<\/p>\n\n\n\n<p>O presidente da CST da Cultura, deputado Beto Dois a Um (PSB), apresentou as propostas mais sugeridas no relat\u00f3rio produzido. Entre elas, a revis\u00e3o das leis vigentes para o setor, as possibilidades na capta\u00e7\u00e3o e distribui\u00e7\u00e3o dos recursos, al\u00e9m da constru\u00e7\u00e3o de uma nova pol\u00edtica estadual de fomento e desenvolvimento da cultura e da economia criativa.<\/p>\n\n\n\n<p>Os trabalhos da C\u00e2mara Setorial Tem\u00e1tica da Cultura seguem, a princ\u00edpio, at\u00e9 janeiro de 2024, mas podem ser prorrogados por mais 180 dias, caso haja necessidade. E assim, a partir das demandas da classe, novos projetos de lei ser\u00e3o encaminhados.<\/p>\n\n\n\n<p>A CST est\u00e1 organizada em reuni\u00f5es mensais que ocorrem sempre na ALMT. Todos os encontros ser\u00e3o transmitidos ao vivo pela TV ALMT, canais: 30.1 e 30.2 (Aberto HD Digital), 3.2 (Rede Legislativa) e 10 (NET TV), canal do Youtube e demais redes sociais da Assembleia Legislativa de Mato Grosso.<\/p>\n\n\n\n<p><strong><em>Da Assessoria <\/em><\/strong><\/p>\n","protected":false},"excerpt":{"rendered":"<p>O encontro est\u00e1 programado para ocorrer no audit\u00f3rio Milton Figueiredo, a partir das 14h, na ALMT<\/p>\n","protected":false},"author":2,"featured_media":3836,"comment_status":"open","ping_status":"open","sticky":false,"template":"","format":"standard","meta":{"_acf_changed":false,"footnotes":""},"categories":[27,67,21,11],"tags":[35,46,50,37,49],"municipio":[],"class_list":["post-3924","post","type-post","status-publish","format-standard","has-post-thumbnail","hentry","category-carrousel","category-cst-cultura","category-cultura","category-noticias","tag-assembleia-legislativa","tag-cultura","tag-mandato","tag-politica","tag-projeto-de-lei"],"acf":[],"_links":{"self":[{"href":"https:\/\/betodoisaum.com.br\/site\/wp-json\/wp\/v2\/posts\/3924","targetHints":{"allow":["GET"]}}],"collection":[{"href":"https:\/\/betodoisaum.com.br\/site\/wp-json\/wp\/v2\/posts"}],"about":[{"href":"https:\/\/betodoisaum.com.br\/site\/wp-json\/wp\/v2\/types\/post"}],"author":[{"embeddable":true,"href":"https:\/\/betodoisaum.com.br\/site\/wp-json\/wp\/v2\/users\/2"}],"replies":[{"embeddable":true,"href":"https:\/\/betodoisaum.com.br\/site\/wp-json\/wp\/v2\/comments?post=3924"}],"version-history":[{"count":0,"href":"https:\/\/betodoisaum.com.br\/site\/wp-json\/wp\/v2\/posts\/3924\/revisions"}],"wp:featuredmedia":[{"embeddable":true,"href":"https:\/\/betodoisaum.com.br\/site\/wp-json\/wp\/v2\/media\/3836"}],"wp:attachment":[{"href":"https:\/\/betodoisaum.com.br\/site\/wp-json\/wp\/v2\/media?parent=3924"}],"wp:term":[{"taxonomy":"category","embeddable":true,"href":"https:\/\/betodoisaum.com.br\/site\/wp-json\/wp\/v2\/categories?post=3924"},{"taxonomy":"post_tag","embeddable":true,"href":"https:\/\/betodoisaum.com.br\/site\/wp-json\/wp\/v2\/tags?post=3924"},{"taxonomy":"municipio","embeddable":true,"href":"https:\/\/betodoisaum.com.br\/site\/wp-json\/wp\/v2\/municipio?post=3924"}],"curies":[{"name":"wp","href":"https:\/\/api.w.org\/{rel}","templated":true}]}}