{"id":3988,"date":"2023-08-28T10:26:52","date_gmt":"2023-08-28T14:26:52","guid":{"rendered":"https:\/\/betodoisaum.com.br\/site\/?p=3988"},"modified":"2023-08-29T09:06:30","modified_gmt":"2023-08-29T13:06:30","slug":"circula-funarte-chega-a-cuiaba-nesta-terca-feira-29-08","status":"publish","type":"post","link":"https:\/\/betodoisaum.com.br\/site\/circula-funarte-chega-a-cuiaba-nesta-terca-feira-29-08\/","title":{"rendered":"Circula Funarte chega a Cuiab\u00e1 nesta ter\u00e7a-feira (29.08)"},"content":{"rendered":"\n<p>O \u201cCircula Funarte: Pol\u00edticas para as Artes em Di\u00e1logo\u201d ter\u00e1 sua pr\u00f3xima edi\u00e7\u00e3o em Cuiab\u00e1, dia 29 de agosto, ter\u00e7a-feira. O encontro da Funda\u00e7\u00e3o Nacional de Artes &#8211; Funarte ser\u00e1 realizado no Cine Teatro Cuiab\u00e1, \u00e0s 18h. A entrada \u00e9 gratuita.<\/p>\n\n\n\n<p>O objetivo do Circula Funarte \u00e9 divulgar programas de fomento \u00e0s artes, para atingir o maior n\u00famero de agentes art\u00edsticos do Brasil. Tamb\u00e9m \u00e9 retomar os espa\u00e7os de participa\u00e7\u00e3o social, com amplo di\u00e1logo com a sociedade, agentes e institui\u00e7\u00f5es em torno da Pol\u00edtica Nacional das Artes, uma das prioridades da nova gest\u00e3o da Funarte e do Minist\u00e9rio da Cultura.<\/p>\n\n\n\n<p>A agenda contar\u00e1 com a presen\u00e7a do deputado estadual Beto Dois a Um; da presidente da Funarte, Maria Marighella; da diretora de Fomento e Difus\u00e3o Regional, Aline Vila Real; e da diretora de Projetos, La\u00eds Almeida.<\/p>\n\n\n\n<p>Depois da abertura em Minas Gerais, o Circula Funarte j\u00e1 teve edi\u00e7\u00f5es tamb\u00e9m em S\u00e3o Paulo, no Rio Grande do Sul, em Pernambuco e na Bahia. O projeto de circula\u00e7\u00e3o \u00e9 aberto ao p\u00fablico e integra as a\u00e7\u00f5es de retomada da Funarte para fomentar o campo art\u00edstico e cultural em todo o pa\u00eds.<\/p>\n\n\n\n<p><strong>Funarte Retomada: Programas de Fomento para a Pol\u00edtica Nacional das Artes<\/strong><\/p>\n\n\n\n<p>A institui\u00e7\u00e3o lan\u00e7ou no dia 10 de julho a primeira etapa de seus mecanismos de fomento para artes visuais, teatro, dan\u00e7a, circo e m\u00fasica de todas as regi\u00f5es do Brasil, com investimento de R$ 52 milh\u00f5es.<\/p>\n\n\n\n<p>S\u00e3o v\u00e1rios os programas que demarcam a retomada da Funarte no cen\u00e1rio das artes brasileiras. Conhe\u00e7a os j\u00e1 lan\u00e7ados e com inscri\u00e7\u00f5es abertas: Funarte Retomada, composto por cinco editais, um para cada \u00e1rea art\u00edstica; Bolsa Funarte de Mobilidade Art\u00edstica 2023; Programa Funarte de Apoio a A\u00e7\u00f5es Continuadas.<\/p>\n\n\n\n<p><strong>Servi\u00e7o<\/strong><\/p>\n\n\n\n<p>\u201cCIRCULA FUNARTE: Pol\u00edticas para as Artes em Di\u00e1logo\u201d Edi\u00e7\u00e3o Mato Grosso<\/p>\n\n\n\n<p>Dia 29 de agosto de 2023 (ter\u00e7a-feira) | \u00e0s 18h Local: Cine Teatro Cuiab\u00e1 Av. Pres. Get\u00falio Vargas, 247, Centro, Cuiab\u00e1 (MT) Entrada gratuita<\/p>\n\n\n\n<p>Apoio: Secretaria de Estado de Cultura, Esporte e Lazer do Mato Grosso<\/p>\n\n\n\n<p>Informa\u00e7\u00f5es e entrevistas para a imprensa: ccom@funarte.gov.br<\/p>\n\n\n\n<p>gov.br\/funarte<\/p>\n","protected":false},"excerpt":{"rendered":"<p>A ser realizado no Cine Teatro Cuiab\u00e1, o objetivo \u00e9 divulgar programas de fomento \u00e0s artes<\/p>\n","protected":false},"author":2,"featured_media":3989,"comment_status":"open","ping_status":"open","sticky":false,"template":"","format":"standard","meta":{"_acf_changed":false,"footnotes":""},"categories":[21,11],"tags":[46,37],"municipio":[],"class_list":["post-3988","post","type-post","status-publish","format-standard","has-post-thumbnail","hentry","category-cultura","category-noticias","tag-cultura","tag-politica"],"acf":[],"_links":{"self":[{"href":"https:\/\/betodoisaum.com.br\/site\/wp-json\/wp\/v2\/posts\/3988","targetHints":{"allow":["GET"]}}],"collection":[{"href":"https:\/\/betodoisaum.com.br\/site\/wp-json\/wp\/v2\/posts"}],"about":[{"href":"https:\/\/betodoisaum.com.br\/site\/wp-json\/wp\/v2\/types\/post"}],"author":[{"embeddable":true,"href":"https:\/\/betodoisaum.com.br\/site\/wp-json\/wp\/v2\/users\/2"}],"replies":[{"embeddable":true,"href":"https:\/\/betodoisaum.com.br\/site\/wp-json\/wp\/v2\/comments?post=3988"}],"version-history":[{"count":0,"href":"https:\/\/betodoisaum.com.br\/site\/wp-json\/wp\/v2\/posts\/3988\/revisions"}],"wp:featuredmedia":[{"embeddable":true,"href":"https:\/\/betodoisaum.com.br\/site\/wp-json\/wp\/v2\/media\/3989"}],"wp:attachment":[{"href":"https:\/\/betodoisaum.com.br\/site\/wp-json\/wp\/v2\/media?parent=3988"}],"wp:term":[{"taxonomy":"category","embeddable":true,"href":"https:\/\/betodoisaum.com.br\/site\/wp-json\/wp\/v2\/categories?post=3988"},{"taxonomy":"post_tag","embeddable":true,"href":"https:\/\/betodoisaum.com.br\/site\/wp-json\/wp\/v2\/tags?post=3988"},{"taxonomy":"municipio","embeddable":true,"href":"https:\/\/betodoisaum.com.br\/site\/wp-json\/wp\/v2\/municipio?post=3988"}],"curies":[{"name":"wp","href":"https:\/\/api.w.org\/{rel}","templated":true}]}}