{"id":4153,"date":"2023-09-01T09:14:44","date_gmt":"2023-09-01T13:14:44","guid":{"rendered":"https:\/\/betodoisaum.com.br\/site\/?p=4153"},"modified":"2023-09-04T10:11:09","modified_gmt":"2023-09-04T14:11:09","slug":"estamos-aqui-para-ouvir-e-colher-as-demandas-diz-beto-dois-a-um-no-segundo-encontro-da-cst-da-cultura","status":"publish","type":"post","link":"https:\/\/betodoisaum.com.br\/site\/estamos-aqui-para-ouvir-e-colher-as-demandas-diz-beto-dois-a-um-no-segundo-encontro-da-cst-da-cultura\/","title":{"rendered":"&#8220;Estamos aqui para ouvir e colher as demandas&#8221;, diz Beto no segundo encontro da CST da Cultura"},"content":{"rendered":"\n<p>Trabalhadores da cultura se reuniram nesta ter\u00e7a-feira (31.08) para discutir o futuro do setor na C\u00e2mara Setorial Tem\u00e1tica da Cultura. O segundo encontro da classe foi realizado na Assembleia Legislativa de Mato Grosso, conduzido pelo presidente da CST, deputado Beto Dois a Um (PSB), que destacou a necessidade de debater as quest\u00f5es relacionadas \u00e0 cultura e implementar pol\u00edticas p\u00fablicas continuadas.<\/p>\n\n\n\n<p>\u201cHoje temos aqui um f\u00f3rum muito qualificado. A cultura come\u00e7a a participar de forma efetiva e n\u00f3s estamos aqui para ouvir e colher as demandas.&nbsp;A c\u00e2mara setorial vai servir para revisitar o que n\u00e3o est\u00e1 funcionando e implementar o que ficou de fora. A partir das pr\u00f3ximas reuni\u00f5es, vamos formar grupos de trabalho reduzidos, setorizados, para come\u00e7armos a buscar o que a gente deseja para a pr\u00f3xima lei de incentivo \u00e0 cultura que pretendemos apresentar na Assembleia Legislativa\u201d, anunciou o parlamentar.<\/p>\n\n\n\n<p>A escritora imortal da Academia Mato-grossense de Letras, Luciene Carvalho apontou a falta de incentivo para a literatura e as dificuldades para distribui\u00e7\u00e3o e venda de livros como alguns dos principais entraves enfrentados por aqueles que vivem da escrita em Mato Grosso. Reivindicou ainda o cumprimento de leis j\u00e1 aprovadas no estado, mas que, na pr\u00e1tica, n\u00e3o est\u00e3o sendo implementadas.<\/p>\n\n\n\n<p>\u201cPrecisamos colocar em pr\u00e1tica as leis j\u00e1 existentes, n\u00e3o podemos depender da sorte apenas, viver de \u2018passar o pires\u2019 eternamente, os trabalhadores da cultura precisam viver com dignidade e ser respeitado. A cultura gera emprego e renda e movimenta muito a cadeia produtiva. Ao mesmo tempo que discutimos a cultura, afunilemos garantia de direitos adquiridos\u201d, destacou a escritora.<\/p>\n\n\n\n<p>Outra pauta discutida foi a realiza\u00e7\u00e3o de concurso p\u00fablico para preenchimento de cargos t\u00e9cnicos na \u00e1rea. \u201c\u00c9 preciso que haja profissionais da cultura concursados, que permane\u00e7am para que tenhamos projetos culturais de longo prazo, e n\u00e3o apenas eventos\u201d, salientou Cl\u00f3vis Arantes, representante do movimento LGBTQIA+ em Mato Grosso.<\/p>\n\n\n\n<p>O deputado Beto Dois a Um reiterou a necessidade de realiza\u00e7\u00e3o de certame na \u00e1rea da cultura e afirmou que apresentar\u00e1 a demanda ao governador Mauro Mendes.<\/p>\n\n\n\n<p>O secret\u00e1rio de estado de Cultura, Esporte e Lazer, Jefferson Carvalho Neves, destacou o interesse da gest\u00e3o em ouvir os representantes do segmento e buscar solu\u00e7\u00f5es conjuntas e apontou alguns dos avan\u00e7os j\u00e1 conquistados.<\/p>\n\n\n\n<p>\u201cA gente tem trabalhado muito para simplificar os processos. Hoje, por exemplo, para ter acesso a um programa, voc\u00ea s\u00f3 precisa estar com as suas certid\u00f5es em dia e fazer a apresenta\u00e7\u00e3o da sua documenta\u00e7\u00e3o b\u00e1sica que a burocracia estatal nos exige. Ent\u00e3o, n\u00f3s temos feito de tudo para simplificar os nossos processos e simplificar os nossos editais para que todos tenham acesso e isso tem surgido muito efeito. Para se ter uma no\u00e7\u00e3o, o nosso \u00faltimo edital, 69% dos contemplados nunca tinham recebido recurso p\u00fablico\u201d, disse.<\/p>\n\n\n\n<p>Jan Moura, secret\u00e1rio-adjunto de Cultura, afirmou que o governo est\u00e1 trabalhando para entregar os editais da Lei Paulo Gustavo e que a constru\u00e7\u00e3o de uma nova pol\u00edtica para a cultura do estado est\u00e1 entre os principais desafios da atual gest\u00e3o.&nbsp;<\/p>\n\n\n\n<p>\u201cA lei que temos hoje \u00e9 de 2016. De 2016 para 2023 muita coisa mudou e nossa ideia nessa c\u00e2mara setorial \u00e9 construir o novo marco regulat\u00f3rio da cultura do estado\u201d, declarou.<\/p>\n\n\n\n<p>O pr\u00f3ximo encontro da C\u00e2mara Setorial Tem\u00e1tica da Cultura est\u00e1 programado para ocorrer dia 27 de setembro (data sujeita a altera\u00e7\u00e3o), no Audit\u00f3rio Milton Figueiredo, da ALMT, e ser\u00e1 dedicado ao curso de elabora\u00e7\u00e3o de projetos voltados ao edital Paulo Gustavo, com a agente cultural Carol Barros.<\/p>\n\n\n\n<p>Os trabalhos da C\u00e2mara Setorial Tem\u00e1tica da Cultura seguem, a princ\u00edpio, at\u00e9 janeiro de 2024, mas podem ser prorrogados por mais 180 dias, caso haja necessidade. E assim, a partir das demandas da classe, novos projetos de lei ser\u00e3o encaminhados.<\/p>\n\n\n\n<p>A CST est\u00e1 organizada em reuni\u00f5es mensais que ocorrem sempre na ALMT. Todos os encontros ser\u00e3o transmitidos ao vivo pela TV ALMT, canais: 30.1 e 30.2 (Aberto HD Digital), 3.2 (Rede Legislativa) e 10 (NET TV), canal do Youtube e demais redes sociais da Assembleia Legislativa de Mato Grosso.<\/p>\n\n\n\n<figure class=\"wp-block-gallery has-nested-images columns-4 is-cropped wp-block-gallery-1 is-layout-flex wp-block-gallery-is-layout-flex\">\n<figure class=\"wp-block-image size-large\"><a href=\"https:\/\/betodoisaum.com.br\/site\/wp-content\/uploads\/2023\/08\/DSC_0451-scaled.webp\" rel=\"lightbox[4153]\"><img fetchpriority=\"high\" decoding=\"async\" width=\"1024\" height=\"683\" data-id=\"4037\" src=\"https:\/\/betodoisaum.com.br\/site\/wp-content\/uploads\/2023\/08\/DSC_0451-1024x683.webp\" alt=\"\" class=\"wp-image-4037\" srcset=\"https:\/\/betodoisaum.com.br\/site\/wp-content\/uploads\/2023\/08\/DSC_0451-1024x683.webp 1024w, https:\/\/betodoisaum.com.br\/site\/wp-content\/uploads\/2023\/08\/DSC_0451-300x200.webp 300w, https:\/\/betodoisaum.com.br\/site\/wp-content\/uploads\/2023\/08\/DSC_0451-768x512.webp 768w, https:\/\/betodoisaum.com.br\/site\/wp-content\/uploads\/2023\/08\/DSC_0451-1536x1024.webp 1536w, https:\/\/betodoisaum.com.br\/site\/wp-content\/uploads\/2023\/08\/DSC_0451-2048x1365.webp 2048w\" sizes=\"(max-width: 1024px) 100vw, 1024px\" \/><\/a><figcaption class=\"wp-element-caption\">Foto: Tiago Machado\/ Assessoria <\/figcaption><\/figure>\n\n\n\n<figure class=\"wp-block-image size-large\"><a href=\"https:\/\/betodoisaum.com.br\/site\/wp-content\/uploads\/2023\/08\/DSC_0780-scaled.webp\" rel=\"lightbox[4153]\"><img decoding=\"async\" width=\"1024\" height=\"683\" data-id=\"4104\" src=\"https:\/\/betodoisaum.com.br\/site\/wp-content\/uploads\/2023\/08\/DSC_0780-1024x683.webp\" alt=\"\" class=\"wp-image-4104\" srcset=\"https:\/\/betodoisaum.com.br\/site\/wp-content\/uploads\/2023\/08\/DSC_0780-1024x683.webp 1024w, https:\/\/betodoisaum.com.br\/site\/wp-content\/uploads\/2023\/08\/DSC_0780-300x200.webp 300w, https:\/\/betodoisaum.com.br\/site\/wp-content\/uploads\/2023\/08\/DSC_0780-768x512.webp 768w, https:\/\/betodoisaum.com.br\/site\/wp-content\/uploads\/2023\/08\/DSC_0780-1536x1024.webp 1536w, https:\/\/betodoisaum.com.br\/site\/wp-content\/uploads\/2023\/08\/DSC_0780-2048x1365.webp 2048w\" sizes=\"(max-width: 1024px) 100vw, 1024px\" \/><\/a><figcaption class=\"wp-element-caption\">Foto: Tiago Machado\/ Assessoria <\/figcaption><\/figure>\n\n\n\n<figure class=\"wp-block-image size-large\"><a href=\"https:\/\/betodoisaum.com.br\/site\/wp-content\/uploads\/2023\/08\/DSC_0870-scaled.webp\" rel=\"lightbox[4153]\"><img decoding=\"async\" width=\"1024\" height=\"683\" data-id=\"4130\" src=\"https:\/\/betodoisaum.com.br\/site\/wp-content\/uploads\/2023\/08\/DSC_0870-1024x683.webp\" alt=\"\" class=\"wp-image-4130\" srcset=\"https:\/\/betodoisaum.com.br\/site\/wp-content\/uploads\/2023\/08\/DSC_0870-1024x683.webp 1024w, https:\/\/betodoisaum.com.br\/site\/wp-content\/uploads\/2023\/08\/DSC_0870-300x200.webp 300w, https:\/\/betodoisaum.com.br\/site\/wp-content\/uploads\/2023\/08\/DSC_0870-768x512.webp 768w, https:\/\/betodoisaum.com.br\/site\/wp-content\/uploads\/2023\/08\/DSC_0870-1536x1024.webp 1536w, https:\/\/betodoisaum.com.br\/site\/wp-content\/uploads\/2023\/08\/DSC_0870-2048x1365.webp 2048w\" sizes=\"(max-width: 1024px) 100vw, 1024px\" \/><\/a><figcaption class=\"wp-element-caption\">Foto: Tiago Machado\/ Assessoria <\/figcaption><\/figure>\n\n\n\n<figure class=\"wp-block-image size-large\"><a href=\"https:\/\/betodoisaum.com.br\/site\/wp-content\/uploads\/2023\/08\/DSC_0848-scaled.webp\" rel=\"lightbox[4153]\"><img loading=\"lazy\" decoding=\"async\" width=\"1024\" height=\"683\" data-id=\"4126\" src=\"https:\/\/betodoisaum.com.br\/site\/wp-content\/uploads\/2023\/08\/DSC_0848-1024x683.webp\" alt=\"\" class=\"wp-image-4126\" srcset=\"https:\/\/betodoisaum.com.br\/site\/wp-content\/uploads\/2023\/08\/DSC_0848-1024x683.webp 1024w, https:\/\/betodoisaum.com.br\/site\/wp-content\/uploads\/2023\/08\/DSC_0848-300x200.webp 300w, https:\/\/betodoisaum.com.br\/site\/wp-content\/uploads\/2023\/08\/DSC_0848-768x512.webp 768w, https:\/\/betodoisaum.com.br\/site\/wp-content\/uploads\/2023\/08\/DSC_0848-1536x1024.webp 1536w, https:\/\/betodoisaum.com.br\/site\/wp-content\/uploads\/2023\/08\/DSC_0848-2048x1365.webp 2048w\" sizes=\"(max-width: 1024px) 100vw, 1024px\" \/><\/a><figcaption class=\"wp-element-caption\">Foto: Tiago Machado\/ Assessoria <\/figcaption><\/figure>\n\n\n\n<figure class=\"wp-block-image size-large\"><a href=\"https:\/\/betodoisaum.com.br\/site\/wp-content\/uploads\/2023\/08\/DSC_0760-scaled.webp\" rel=\"lightbox[4153]\"><img loading=\"lazy\" decoding=\"async\" width=\"1024\" height=\"683\" data-id=\"4099\" src=\"https:\/\/betodoisaum.com.br\/site\/wp-content\/uploads\/2023\/08\/DSC_0760-1024x683.webp\" alt=\"\" class=\"wp-image-4099\" srcset=\"https:\/\/betodoisaum.com.br\/site\/wp-content\/uploads\/2023\/08\/DSC_0760-1024x683.webp 1024w, https:\/\/betodoisaum.com.br\/site\/wp-content\/uploads\/2023\/08\/DSC_0760-300x200.webp 300w, https:\/\/betodoisaum.com.br\/site\/wp-content\/uploads\/2023\/08\/DSC_0760-768x512.webp 768w, https:\/\/betodoisaum.com.br\/site\/wp-content\/uploads\/2023\/08\/DSC_0760-1536x1024.webp 1536w, https:\/\/betodoisaum.com.br\/site\/wp-content\/uploads\/2023\/08\/DSC_0760-2048x1365.webp 2048w\" sizes=\"(max-width: 1024px) 100vw, 1024px\" \/><\/a><figcaption class=\"wp-element-caption\">Foto: Tiago Machado\/ Assessoria <\/figcaption><\/figure>\n\n\n\n<figure class=\"wp-block-image size-large\"><a href=\"https:\/\/betodoisaum.com.br\/site\/wp-content\/uploads\/2023\/08\/DSC_0851-scaled.webp\" rel=\"lightbox[4153]\"><img loading=\"lazy\" decoding=\"async\" width=\"1024\" height=\"683\" data-id=\"4127\" src=\"https:\/\/betodoisaum.com.br\/site\/wp-content\/uploads\/2023\/08\/DSC_0851-1024x683.webp\" alt=\"\" class=\"wp-image-4127\" srcset=\"https:\/\/betodoisaum.com.br\/site\/wp-content\/uploads\/2023\/08\/DSC_0851-1024x683.webp 1024w, https:\/\/betodoisaum.com.br\/site\/wp-content\/uploads\/2023\/08\/DSC_0851-300x200.webp 300w, https:\/\/betodoisaum.com.br\/site\/wp-content\/uploads\/2023\/08\/DSC_0851-768x512.webp 768w, https:\/\/betodoisaum.com.br\/site\/wp-content\/uploads\/2023\/08\/DSC_0851-1536x1024.webp 1536w, https:\/\/betodoisaum.com.br\/site\/wp-content\/uploads\/2023\/08\/DSC_0851-2048x1365.webp 2048w\" sizes=\"(max-width: 1024px) 100vw, 1024px\" \/><\/a><figcaption class=\"wp-element-caption\">Foto: Tiago Machado\/ Assessoria <\/figcaption><\/figure>\n\n\n\n<figure class=\"wp-block-image size-large\"><a href=\"https:\/\/betodoisaum.com.br\/site\/wp-content\/uploads\/2023\/08\/DSC_0822-scaled.webp\" rel=\"lightbox[4153]\"><img loading=\"lazy\" decoding=\"async\" width=\"1024\" height=\"683\" data-id=\"4117\" src=\"https:\/\/betodoisaum.com.br\/site\/wp-content\/uploads\/2023\/08\/DSC_0822-1024x683.webp\" alt=\"\" class=\"wp-image-4117\" srcset=\"https:\/\/betodoisaum.com.br\/site\/wp-content\/uploads\/2023\/08\/DSC_0822-1024x683.webp 1024w, https:\/\/betodoisaum.com.br\/site\/wp-content\/uploads\/2023\/08\/DSC_0822-300x200.webp 300w, https:\/\/betodoisaum.com.br\/site\/wp-content\/uploads\/2023\/08\/DSC_0822-768x512.webp 768w, https:\/\/betodoisaum.com.br\/site\/wp-content\/uploads\/2023\/08\/DSC_0822-1536x1024.webp 1536w, https:\/\/betodoisaum.com.br\/site\/wp-content\/uploads\/2023\/08\/DSC_0822-2048x1365.webp 2048w\" sizes=\"(max-width: 1024px) 100vw, 1024px\" \/><\/a><figcaption class=\"wp-element-caption\">Foto: Tiago Machado\/ Assessoria <\/figcaption><\/figure>\n\n\n\n<figure class=\"wp-block-image size-large\"><a href=\"https:\/\/betodoisaum.com.br\/site\/wp-content\/uploads\/2023\/08\/DSC_0836-scaled.webp\" rel=\"lightbox[4153]\"><img loading=\"lazy\" decoding=\"async\" width=\"1024\" height=\"683\" data-id=\"4123\" src=\"https:\/\/betodoisaum.com.br\/site\/wp-content\/uploads\/2023\/08\/DSC_0836-1024x683.webp\" alt=\"\" class=\"wp-image-4123\" srcset=\"https:\/\/betodoisaum.com.br\/site\/wp-content\/uploads\/2023\/08\/DSC_0836-1024x683.webp 1024w, https:\/\/betodoisaum.com.br\/site\/wp-content\/uploads\/2023\/08\/DSC_0836-300x200.webp 300w, https:\/\/betodoisaum.com.br\/site\/wp-content\/uploads\/2023\/08\/DSC_0836-768x512.webp 768w, https:\/\/betodoisaum.com.br\/site\/wp-content\/uploads\/2023\/08\/DSC_0836-1536x1024.webp 1536w, https:\/\/betodoisaum.com.br\/site\/wp-content\/uploads\/2023\/08\/DSC_0836-2048x1365.webp 2048w\" sizes=\"(max-width: 1024px) 100vw, 1024px\" \/><\/a><figcaption class=\"wp-element-caption\">Foto: Tiago Machado\/ Assessoria <\/figcaption><\/figure>\n<\/figure>\n\n\n\n<p><a href=\"https:\/\/betodoisaum.com.br\/site\/galeria-de-foto\/2a-reuniao-da-cst-cultura\/\" data-type=\"link\" data-id=\"https:\/\/betodoisaum.com.br\/site\/galeria-de-foto\/2a-reuniao-da-cst-cultura\/\">Clique aqui e veja mais fotos do segundo encontro da CST da Cultura. <\/a><\/p>\n","protected":false},"excerpt":{"rendered":"<p>O segundo encontro da classe foi realizado na Assembleia Legislativa de Mato Grosso, conduzido pelo presidente da CST, deputado Beto Dois a Um (PSB)<\/p>\n","protected":false},"author":2,"featured_media":4100,"comment_status":"open","ping_status":"open","sticky":false,"template":"","format":"standard","meta":{"_acf_changed":false,"footnotes":""},"categories":[27,67,21,11],"tags":[],"municipio":[],"class_list":["post-4153","post","type-post","status-publish","format-standard","has-post-thumbnail","hentry","category-carrousel","category-cst-cultura","category-cultura","category-noticias"],"acf":[],"_links":{"self":[{"href":"https:\/\/betodoisaum.com.br\/site\/wp-json\/wp\/v2\/posts\/4153","targetHints":{"allow":["GET"]}}],"collection":[{"href":"https:\/\/betodoisaum.com.br\/site\/wp-json\/wp\/v2\/posts"}],"about":[{"href":"https:\/\/betodoisaum.com.br\/site\/wp-json\/wp\/v2\/types\/post"}],"author":[{"embeddable":true,"href":"https:\/\/betodoisaum.com.br\/site\/wp-json\/wp\/v2\/users\/2"}],"replies":[{"embeddable":true,"href":"https:\/\/betodoisaum.com.br\/site\/wp-json\/wp\/v2\/comments?post=4153"}],"version-history":[{"count":0,"href":"https:\/\/betodoisaum.com.br\/site\/wp-json\/wp\/v2\/posts\/4153\/revisions"}],"wp:featuredmedia":[{"embeddable":true,"href":"https:\/\/betodoisaum.com.br\/site\/wp-json\/wp\/v2\/media\/4100"}],"wp:attachment":[{"href":"https:\/\/betodoisaum.com.br\/site\/wp-json\/wp\/v2\/media?parent=4153"}],"wp:term":[{"taxonomy":"category","embeddable":true,"href":"https:\/\/betodoisaum.com.br\/site\/wp-json\/wp\/v2\/categories?post=4153"},{"taxonomy":"post_tag","embeddable":true,"href":"https:\/\/betodoisaum.com.br\/site\/wp-json\/wp\/v2\/tags?post=4153"},{"taxonomy":"municipio","embeddable":true,"href":"https:\/\/betodoisaum.com.br\/site\/wp-json\/wp\/v2\/municipio?post=4153"}],"curies":[{"name":"wp","href":"https:\/\/api.w.org\/{rel}","templated":true}]}}