{"id":4161,"date":"2023-09-05T09:41:51","date_gmt":"2023-09-05T13:41:51","guid":{"rendered":"https:\/\/betodoisaum.com.br\/site\/?p=4161"},"modified":"2023-09-05T09:41:52","modified_gmt":"2023-09-05T13:41:52","slug":"beto-dois-a-um-concede-mocao-de-aplauso-a-50-profissionais-da-educacao-fisica-na-proxima-segunda-feira-11","status":"publish","type":"post","link":"https:\/\/betodoisaum.com.br\/site\/beto-dois-a-um-concede-mocao-de-aplauso-a-50-profissionais-da-educacao-fisica-na-proxima-segunda-feira-11\/","title":{"rendered":"Beto Dois a Um concede Mo\u00e7\u00e3o de Aplauso a 50 profissionais da Educa\u00e7\u00e3o F\u00edsica na pr\u00f3xima segunda-feira (11)"},"content":{"rendered":"\n<p>No m\u00eas de setembro se comemora 25 anos de regulamenta\u00e7\u00e3o do profissional de Educa\u00e7\u00e3o F\u00edsica no Brasil. Para celebra esse marco, na pr\u00f3xima segunda-feira (11.09), o deputado Beto Dois a Um (PSB) conceder\u00e1 Mo\u00e7\u00e3o de Aplauso a 50 profissionais da Educa\u00e7\u00e3o F\u00edsica em Mato Grosso.<\/p>\n\n\n\n<p>\u201cA regulamenta\u00e7\u00e3o dessa lei ocorreu em 1\u00b0 de setembro de 1998 e modificou o foco da atividade f\u00edsica, de est\u00e9tica e modismo para sin\u00f4nimo de cultura, vida saud\u00e1vel, desenvolvimento humano e inclus\u00e3o social. Essa mo\u00e7\u00e3o \u00e9 mais que merecida, \u00e9 necess\u00e1ria\u201d, destaca Beto Dois a Um.<\/p>\n\n\n\n<p>De acordo com o Conselho Federal de Educa\u00e7\u00e3o F\u00edsica, \u00e9 reconhecido como profissional de Educa\u00e7\u00e3o F\u00edsica, o professor de educa\u00e7\u00e3o f\u00edsica, t\u00e9cnico desportivo, treinador esportivo, preparador f\u00edsico, personal trainer, t\u00e9cnico de esportes, treinador de esportes, preparador f\u00edsico-corporal, professor de educa\u00e7\u00e3o corporal, orientador de exerc\u00edcios corporais, monitor de atividades corporais, motricista e cinesi\u00f3logo.<\/p>\n\n\n\n<p>\u201cIndependentemente da \u00e1rea em que o profissional de Educa\u00e7\u00e3o F\u00edsica atua, ele sempre estar\u00e1 diretamente relacionado com a promo\u00e7\u00e3o da sa\u00fade e aumento da qualidade de vida da popula\u00e7\u00e3o\u201d, ressalta Beto.<\/p>\n\n\n\n<p>A cerim\u00f4nia ocorrer\u00e1 a partir das 10h no Plen\u00e1rio das Delibera\u00e7\u00f5es Ren\u00ea Barbour, da Assembleia Legislativa de Mato Grosso. A entrada \u00e9 livre a todos os cidad\u00e3o e cidad\u00e3s.<\/p>\n\n\n\n<p><strong><em>Da Assessoria <\/em><\/strong><\/p>\n","protected":false},"excerpt":{"rendered":"<p>A cerim\u00f4nia ocorrer\u00e1 a partir das 10h no Plen\u00e1rio das Delibera\u00e7\u00f5es Ren\u00ea Barbour, da ALMT<\/p>\n","protected":false},"author":2,"featured_media":290,"comment_status":"open","ping_status":"open","sticky":false,"template":"","format":"standard","meta":{"_acf_changed":false,"footnotes":""},"categories":[27,14,15,20,11],"tags":[35,43,50],"municipio":[],"class_list":["post-4161","post","type-post","status-publish","format-standard","has-post-thumbnail","hentry","category-carrousel","category-educacao","category-esporte","category-inclusao","category-noticias","tag-assembleia-legislativa","tag-esporte","tag-mandato"],"acf":[],"_links":{"self":[{"href":"https:\/\/betodoisaum.com.br\/site\/wp-json\/wp\/v2\/posts\/4161","targetHints":{"allow":["GET"]}}],"collection":[{"href":"https:\/\/betodoisaum.com.br\/site\/wp-json\/wp\/v2\/posts"}],"about":[{"href":"https:\/\/betodoisaum.com.br\/site\/wp-json\/wp\/v2\/types\/post"}],"author":[{"embeddable":true,"href":"https:\/\/betodoisaum.com.br\/site\/wp-json\/wp\/v2\/users\/2"}],"replies":[{"embeddable":true,"href":"https:\/\/betodoisaum.com.br\/site\/wp-json\/wp\/v2\/comments?post=4161"}],"version-history":[{"count":0,"href":"https:\/\/betodoisaum.com.br\/site\/wp-json\/wp\/v2\/posts\/4161\/revisions"}],"wp:featuredmedia":[{"embeddable":true,"href":"https:\/\/betodoisaum.com.br\/site\/wp-json\/wp\/v2\/media\/290"}],"wp:attachment":[{"href":"https:\/\/betodoisaum.com.br\/site\/wp-json\/wp\/v2\/media?parent=4161"}],"wp:term":[{"taxonomy":"category","embeddable":true,"href":"https:\/\/betodoisaum.com.br\/site\/wp-json\/wp\/v2\/categories?post=4161"},{"taxonomy":"post_tag","embeddable":true,"href":"https:\/\/betodoisaum.com.br\/site\/wp-json\/wp\/v2\/tags?post=4161"},{"taxonomy":"municipio","embeddable":true,"href":"https:\/\/betodoisaum.com.br\/site\/wp-json\/wp\/v2\/municipio?post=4161"}],"curies":[{"name":"wp","href":"https:\/\/api.w.org\/{rel}","templated":true}]}}