{"id":4568,"date":"2023-09-12T09:56:52","date_gmt":"2023-09-12T13:56:52","guid":{"rendered":"https:\/\/betodoisaum.com.br\/site\/?p=4568"},"modified":"2023-10-16T09:23:53","modified_gmt":"2023-10-16T13:23:53","slug":"sou-um-arauto-do-esporte-e-sei-que-esse-e-um-poderoso-fator-de-transformacao-social-diz-beto-dois-a-um-em-sessao-especial-dedicada-aos-profissionais-da-educacao-fisica","status":"publish","type":"post","link":"https:\/\/betodoisaum.com.br\/site\/sou-um-arauto-do-esporte-e-sei-que-esse-e-um-poderoso-fator-de-transformacao-social-diz-beto-dois-a-um-em-sessao-especial-dedicada-aos-profissionais-da-educacao-fisica\/","title":{"rendered":"&#8220;Justa homenagem a esses trabalhadores especialistas em transformar vidas&#8221;, diz Beto Dois a Um em sess\u00e3o dedicada aos profissionais da Educa\u00e7\u00e3o F\u00edsica"},"content":{"rendered":"\n<p>Em celebra\u00e7\u00e3o aos 25 anos de regulamenta\u00e7\u00e3o do profissional de Educa\u00e7\u00e3o F\u00edsica no Brasil, o deputado Beto Dois a Um (PSB) concedeu, nesta segunda-feira (11.09), Mo\u00e7\u00e3o de Aplauso a 57 profissionais da Educa\u00e7\u00e3o F\u00edsica em Mato Grosso.<\/p>\n\n\n\n<p>A homenagem ocorreu em Sess\u00e3o Especial no Plen\u00e1rio das Delibera\u00e7\u00f5es Deputado Ren\u00ea Barbour, da Assembleia Legislativa de Mato Grosso.<\/p>\n\n\n\n<p>\u201cS\u00e3o 50 homenageados que representam toda a classe. Uma justa homenagem a esses profissionais especialistas em transformar vidas e proporcionar sa\u00fade mental e f\u00edsica \u00e0 sociedade. J\u00e1 demos muitos passos importantes, mas ainda h\u00e1 um longo caminho a ser trilhado. Os profissionais da Educa\u00e7\u00e3o F\u00edsica sabem que podem contar sempre comigo, sou um arauto do esporte e sei que esse \u00e9 um poderoso fator de transforma\u00e7\u00e3o social, e o poder p\u00fablico precisa estar atento\u201d, destacou Beto Dois a Um.<\/p>\n\n\n\n<p>A regulamenta\u00e7\u00e3o da lei que reconhece o profissional de Educa\u00e7\u00e3o F\u00edsica ocorreu em 1\u00b0 de setembro de 1998 e modificou o foco da atividade f\u00edsica, de est\u00e9tica e modismo para sin\u00f4nimo de cultura, vida saud\u00e1vel, desenvolvimento humano e inclus\u00e3o social.<\/p>\n\n\n\n<p>\u201cO deputado Beto Dois a Um \u00e9 um grande parceiro do esporte aqui na Assembleia Legislativa. A comemora\u00e7\u00e3o desses 25 anos de regulamenta\u00e7\u00e3o da categoria \u00e9 um marco, mas ainda temos muito o que fazer, e o deputado Beto \u00e9 nosso grande aliado para cria\u00e7\u00e3o de novas leis que v\u00e3o fortalecer ainda mais nossa categoria\u201d, disse Edson Luiz Manfrin, presidente do Conselho Regional de Educa\u00e7\u00e3o F\u00edsica da 17\u00aa Regi\u00e3o de Mato Grosso.<\/p>\n\n\n\n<p>De acordo com o Conselho Federal de Educa\u00e7\u00e3o F\u00edsica, \u00e9 reconhecido como profissional de Educa\u00e7\u00e3o F\u00edsica o professor de educa\u00e7\u00e3o f\u00edsica, t\u00e9cnico desportivo, treinador esportivo, preparador f\u00edsico, personal trainer, t\u00e9cnico de esportes, treinador de esportes, preparador f\u00edsico-corporal, professor de educa\u00e7\u00e3o corporal, orientador de exerc\u00edcios corporais, monitor de atividades corporais, motricista e cinesi\u00f3logo.<\/p>\n\n\n\n<p>\u201cDesde a \u00e9poca de Rui Barbosa, no in\u00edcio do s\u00e9culo passado, que os professores de Educa\u00e7\u00e3o F\u00edsica proporcionam a atividade f\u00edsica como meio de promo\u00e7\u00e3o da sa\u00fade. Essa \u00e9 a import\u00e2ncia da nossa profiss\u00e3o. S\u00e3o 25 anos de alegrias por proporcionar ao cidad\u00e3o sa\u00fade e qualidade de vida\u201d, explicou Carlos Alberto Hailer, o professor Carlinhos, representante do Conselho Federal de Educa\u00e7\u00e3o F\u00edsica.<\/p>\n\n\n\n<p>Hoje s\u00e3o mais de 8 mil profissionais de Educa\u00e7\u00e3o F\u00edsica em Mato Grosso e mais de 650 mil registrados em todo o Brasil, de acordo com o Conselho Federal de Educa\u00e7\u00e3o F\u00edsica.<\/p>\n\n\n\n<p>\u201cSou profissional de Educa\u00e7\u00e3o F\u00edsica e escolhi essa profiss\u00e3o por amor. A regulamenta\u00e7\u00e3o desse of\u00edcio \u00e9 um importante reconhecimento desses profissionais que tanto se dedicam a sa\u00fade, a educa\u00e7\u00e3o, a ci\u00eancia e a tecnologia. O deputado Beto Dois a Um acertou em cheio com essa justa homenagem, em nome de todos os profissionais da Educa\u00e7\u00e3o F\u00edsica, eu agrade\u00e7o\u201d, conclui Patr\u00edcia Galilei, do Conselho Regional de Educa\u00e7\u00e3o F\u00edsica.<\/p>\n\n\n\n<p><strong><em>Da Assessoria<\/em><\/strong><\/p>\n","protected":false},"excerpt":{"rendered":"<p>A Sess\u00e3o Especial ocorreu no Plen\u00e1rio das Delibera\u00e7\u00f5es Ren\u00ea Barbour, da Assembleia Legislativa de Mato Grosso<\/p>\n","protected":false},"author":2,"featured_media":4322,"comment_status":"open","ping_status":"open","sticky":false,"template":"","format":"standard","meta":{"_acf_changed":false,"footnotes":""},"categories":[27,14,15],"tags":[35,43,49],"municipio":[],"class_list":["post-4568","post","type-post","status-publish","format-standard","has-post-thumbnail","hentry","category-carrousel","category-educacao","category-esporte","tag-assembleia-legislativa","tag-esporte","tag-projeto-de-lei"],"acf":[],"_links":{"self":[{"href":"https:\/\/betodoisaum.com.br\/site\/wp-json\/wp\/v2\/posts\/4568","targetHints":{"allow":["GET"]}}],"collection":[{"href":"https:\/\/betodoisaum.com.br\/site\/wp-json\/wp\/v2\/posts"}],"about":[{"href":"https:\/\/betodoisaum.com.br\/site\/wp-json\/wp\/v2\/types\/post"}],"author":[{"embeddable":true,"href":"https:\/\/betodoisaum.com.br\/site\/wp-json\/wp\/v2\/users\/2"}],"replies":[{"embeddable":true,"href":"https:\/\/betodoisaum.com.br\/site\/wp-json\/wp\/v2\/comments?post=4568"}],"version-history":[{"count":0,"href":"https:\/\/betodoisaum.com.br\/site\/wp-json\/wp\/v2\/posts\/4568\/revisions"}],"wp:featuredmedia":[{"embeddable":true,"href":"https:\/\/betodoisaum.com.br\/site\/wp-json\/wp\/v2\/media\/4322"}],"wp:attachment":[{"href":"https:\/\/betodoisaum.com.br\/site\/wp-json\/wp\/v2\/media?parent=4568"}],"wp:term":[{"taxonomy":"category","embeddable":true,"href":"https:\/\/betodoisaum.com.br\/site\/wp-json\/wp\/v2\/categories?post=4568"},{"taxonomy":"post_tag","embeddable":true,"href":"https:\/\/betodoisaum.com.br\/site\/wp-json\/wp\/v2\/tags?post=4568"},{"taxonomy":"municipio","embeddable":true,"href":"https:\/\/betodoisaum.com.br\/site\/wp-json\/wp\/v2\/municipio?post=4568"}],"curies":[{"name":"wp","href":"https:\/\/api.w.org\/{rel}","templated":true}]}}