{"id":460,"date":"2023-03-14T17:00:00","date_gmt":"2023-03-14T21:00:00","guid":{"rendered":"https:\/\/betodoisaum.com.br\/site\/?p=460"},"modified":"2023-04-12T10:11:20","modified_gmt":"2023-04-12T14:11:20","slug":"beto-decisao-foi-acertada-intervencao-e-necessaria-e-urgente","status":"publish","type":"post","link":"https:\/\/betodoisaum.com.br\/site\/beto-decisao-foi-acertada-intervencao-e-necessaria-e-urgente\/","title":{"rendered":"&#8220;Decis\u00e3o foi acertada; interven\u00e7\u00e3o \u00e9 necess\u00e1ria e urgente&#8221;, diz Beto Dois a Um"},"content":{"rendered":"\n<p><em>Pasta em Cuiab\u00e1 ser\u00e1 comandada pelo Estado; deputado cita \u201ctrabalho intenso\u201d de interventor<\/em><\/p>\n\n\n\n<p>O deputado estadual Beto Dois a Um (PSB), avaliou como acertada a determina\u00e7\u00e3o da Justi\u00e7a de Mato Grosso para que haja a interven\u00e7\u00e3o estadual na Sa\u00fade de Cuiab\u00e1.<\/p>\n\n\n\n<p>Por 9 votos a 4, os desembargadores do \u00d3rg\u00e3o Especial do Tribunal de Justi\u00e7a determinaram na tarde de quinta-feira (9) a interven\u00e7\u00e3o na Capital.<\/p>\n\n\n\n<p>\u201cAcho que a Justi\u00e7a tomou uma decis\u00e3o muito acertada. Temos visto os in\u00fameros problemas ocorrendo na Sa\u00fade de Cuiab\u00e1 e algo precisa ser feito. A popula\u00e7\u00e3o merece ter um atendimento digno e isso n\u00e3o estava acontecendo\u201d, disse Beto.&nbsp;<\/p>\n\n\n\n<p>\u201cQuantas opera\u00e7\u00f5es na Sa\u00fade de Cuiab\u00e1 j\u00e1 vimos nos \u00faltimos anos? Esta semana tivemos mais uma. A interven\u00e7\u00e3o \u00e9 necess\u00e1ria e urgente\u201d, completou relembrando da segunda fase da Opera\u00e7\u00e3o Hypnos, deflagrada na quarta-feira (8) pela Pol\u00edcia Civil.<\/p>\n\n\n\n<p>Beto apontou que o novo interventor ter\u00e1 um trabalho \u00e1rduo pela frente, posto que a interven\u00e7\u00e3o anterior \u2013 por oito dias entre dezembro e janeiro \u2013 detectou rombo no caixa da Sa\u00fade, falta de medicamento e m\u00e1 gest\u00e3o.<\/p>\n\n\n\n<p>\u201cAcredito que o interventor que ser\u00e1 nomeado ter\u00e1 muito trabalho pela frente e dever\u00e1 olhar para todos os aspectos da sa\u00fade, tanto para as quest\u00f5es financeiras, como para o atendimento direto da popula\u00e7\u00e3o. O trabalho ser\u00e1 intenso, mas tenho certeza de que far\u00e1 o melhor poss\u00edvel para ajudar a popula\u00e7\u00e3o cuiabana\u201d, disse o parlamentar.<\/p>\n\n\n\n<p>Questionado se o prazo de tr\u00eas m\u00eas, determinado pela Justi\u00e7a, daria para sanar o problema cr\u00f4nica na Pasta da Capital, Beto disse que \u00e9 preciso aguardar os relat\u00f3rios que ser\u00e3o confeccionados pelo interventor.<\/p>\n\n\n\n<p>\u201cN\u00e3o tenho conhecimento do tamanho real do problema, o interventor \u00e9 quem dever\u00e1 analisar se os 90 dias ser\u00e3o suficientes, mostrar isso para a Justi\u00e7a, que avaliar\u00e1 a necessidade de mais tempo, ou n\u00e3o\u201d, disse.<\/p>\n\n\n\n<p><strong>\u201cUma defesa intransigente pela vida\u201d<\/strong><\/p>\n\n\n\n<p>O parlamentar ainda relembrou o voto do relator do caso, o desembargador Orlando Perri. Na sess\u00e3o de quarta, o magistrado reiterou seu voto e ainda usou duras palavras contras os colegas desembargadores contr\u00e1rios a interven\u00e7\u00e3o. \u201cPovo cuiabano est\u00e1 morrendo como baratas\u201d, disse.<\/p>\n\n\n\n<p>\u201cO desembargador Orlando Perri foi cir\u00fargico em seu voto, fazendo uma defesa intransigente pela vida. Ele apontou que a falta de rem\u00e9dios b\u00e1sicos e m\u00e9dicos est\u00e1 matando as pessoas e que a interven\u00e7\u00e3o \u00e9 estritamente necess\u00e1ria\u201d, disse.&nbsp;<\/p>\n\n\n\n<p><strong>A interven\u00e7\u00e3o<\/strong><\/p>\n\n\n\n<p>O ac\u00f3rd\u00e3o da sess\u00e3o da Justi\u00e7a ser\u00e1 publicado e o Governo do Estado ser\u00e1 notificado da decis\u00e3o. Assim que isso ocorrer, o governador Mauro Mendes dever\u00e1 nomear um interventor.&nbsp;<\/p>\n\n\n\n<p>Assim que publicado o decreto detalhando como ser\u00e1 a interven\u00e7\u00e3o, o governador Mauro Mendes dever\u00e1 encaminhar a medida para aprecia\u00e7\u00e3o do parlamento em at\u00e9 24h ap\u00f3s a notifica\u00e7\u00e3o judicial.<\/p>\n\n\n\n<p>L\u00e1, os parlamentares ainda dever\u00e3o criar uma comiss\u00e3o para acompanhamento da medida.<\/p>\n\n\n\n<p>Conforme a decis\u00e3o, a interven\u00e7\u00e3o no Estado ter\u00e1 tr\u00eas meses de dura\u00e7\u00e3o podendo ser prorrogada pelo mesmo per\u00edodo.<\/p>\n\n\n\n<p>Notificado, o interventor dever\u00e1 ainda apresentar, no prazo de 15 dias, um plano de interven\u00e7\u00e3o \u201ccom os nomes dos co-interventores [se for o caso] \u2013, contendo as medidas que adotar\u00e1, bem como apresentar relat\u00f3rios quinzenais sobre as provid\u00eancias tomadas\u201d.<\/p>\n\n\n\n<p><strong><em>Da Assessoria <\/em><\/strong><\/p>\n","protected":false},"excerpt":{"rendered":"<p>Pasta em Cuiab\u00e1 ser\u00e1 comandada pelo Estado; deputado cita \u201ctrabalho intenso\u201d de interventor O deputado estadual Beto Dois a Um (PSB), avaliou como acertada a determina\u00e7\u00e3o da Justi\u00e7a de Mato Grosso para que haja a interven\u00e7\u00e3o estadual na Sa\u00fade de Cuiab\u00e1. Por 9 votos a 4, os desembargadores do \u00d3rg\u00e3o Especial do Tribunal de Justi\u00e7a [&hellip;]<\/p>\n","protected":false},"author":2,"featured_media":461,"comment_status":"open","ping_status":"open","sticky":false,"template":"","format":"standard","meta":{"_acf_changed":false,"footnotes":""},"categories":[11,18],"tags":[],"municipio":[],"class_list":["post-460","post","type-post","status-publish","format-standard","has-post-thumbnail","hentry","category-noticias","category-saude"],"acf":[],"_links":{"self":[{"href":"https:\/\/betodoisaum.com.br\/site\/wp-json\/wp\/v2\/posts\/460","targetHints":{"allow":["GET"]}}],"collection":[{"href":"https:\/\/betodoisaum.com.br\/site\/wp-json\/wp\/v2\/posts"}],"about":[{"href":"https:\/\/betodoisaum.com.br\/site\/wp-json\/wp\/v2\/types\/post"}],"author":[{"embeddable":true,"href":"https:\/\/betodoisaum.com.br\/site\/wp-json\/wp\/v2\/users\/2"}],"replies":[{"embeddable":true,"href":"https:\/\/betodoisaum.com.br\/site\/wp-json\/wp\/v2\/comments?post=460"}],"version-history":[{"count":0,"href":"https:\/\/betodoisaum.com.br\/site\/wp-json\/wp\/v2\/posts\/460\/revisions"}],"wp:featuredmedia":[{"embeddable":true,"href":"https:\/\/betodoisaum.com.br\/site\/wp-json\/wp\/v2\/media\/461"}],"wp:attachment":[{"href":"https:\/\/betodoisaum.com.br\/site\/wp-json\/wp\/v2\/media?parent=460"}],"wp:term":[{"taxonomy":"category","embeddable":true,"href":"https:\/\/betodoisaum.com.br\/site\/wp-json\/wp\/v2\/categories?post=460"},{"taxonomy":"post_tag","embeddable":true,"href":"https:\/\/betodoisaum.com.br\/site\/wp-json\/wp\/v2\/tags?post=460"},{"taxonomy":"municipio","embeddable":true,"href":"https:\/\/betodoisaum.com.br\/site\/wp-json\/wp\/v2\/municipio?post=460"}],"curies":[{"name":"wp","href":"https:\/\/api.w.org\/{rel}","templated":true}]}}