{"id":4696,"date":"2023-09-21T12:00:47","date_gmt":"2023-09-21T16:00:47","guid":{"rendered":"https:\/\/betodoisaum.com.br\/site\/?p=4696"},"modified":"2023-10-16T09:23:16","modified_gmt":"2023-10-16T13:23:16","slug":"academia-mato-grossense-de-letras-concede-comenda-jose-de-mesquita-a-beto-dois-a-um","status":"publish","type":"post","link":"https:\/\/betodoisaum.com.br\/site\/academia-mato-grossense-de-letras-concede-comenda-jose-de-mesquita-a-beto-dois-a-um\/","title":{"rendered":"Beto Dois a Um recebe Comenda Jos\u00e9 de Mesquita da Academia Mato-grossense de Letras"},"content":{"rendered":"\n<p>Em noite de gala da Casa Bar\u00e3o de Melga\u00e7o, nesta quarta-feira (20.09), Dia do Poeta Mato-grossense, o deputado Beto Dois a Um foi agraciado com a Comenda Jos\u00e9 de Mesquita pela Academia Mato-grossense de Letras (AML).<\/p>\n\n\n\n<p>\u201cHoje eu vivo um daqueles acontecimentos dos mais importantes da minha trajet\u00f3ria como pessoa p\u00fablica, que \u00e9 dif\u00edcil traduzir em palavras. Claro, para voc\u00eas n\u00e3o deve ser, mas para um mortal como eu, vai ficar eternizado no cora\u00e7\u00e3o. Talvez eu consiga traduzir em m\u00fasica, que \u00e9 meu lugar de fala. Eu quero manifestar aqui toda minha gratid\u00e3o pela honraria que recebo hoje. Agradecer, como cidad\u00e3o tamb\u00e9m, todo o trabalho desenvolvido por esta casa que \u00e9 uma institui\u00e7\u00e3o dedicada \u00e0 preserva\u00e7\u00e3o da mem\u00f3ria\u201d, disse Beto Dois a Um em seu discurso.<\/p>\n\n\n\n<p>A Comenda Jos\u00e9 de Mesquita \u00e9 uma honraria concedida pela AML dedicada aos cidad\u00e3os com contribui\u00e7\u00f5es significativas \u00e0 cultura em Mato Grosso. <\/p>\n\n\n\n<p>\u201cA Comenda Jos\u00e9 de Mesquita \u00e9 um s\u00edmbolo de um acordo que renovamos aqui, eu e voc\u00eas, em prol da cultura mato-grossense. Porque sei que a atua\u00e7\u00e3o da Academia Mato-grossense de Letras vai muito al\u00e9m de todas as miss\u00f5es que elenquei antes, pois as senhoras e senhores promovem di\u00e1logo constante com artistas de outras linguagens art\u00edsticas. Tamb\u00e9m n\u00e9, imortal deve ter superpoder de enxergar al\u00e9m\u201d, continuou.<\/p>\n\n\n\n<p>Beto Dois a Um, em seu discurso, ainda destacou a import\u00e2ncia da literatura e a contribui\u00e7\u00e3o da Academia Mato-grossense de Letras para o fomento da 6\u00b0 arte.<\/p>\n\n\n\n<p>\u201cA literatura \u00e9 base para as outras artes. Um retrato da nossa sociedade, porque nos livros, est\u00e3o registrados importantes cap\u00edtulos da nossa hist\u00f3ria. E o mais importante, \u00e9 a arte que inspira sonhos, que nos liberta, que nos leva ao infinito e al\u00e9m. Eu admiro demais o trabalho que as senhoras e senhores desenvolvem, do momento da produ\u00e7\u00e3o liter\u00e1ria ao da publica\u00e7\u00e3o e divulga\u00e7\u00e3o. Tem ainda os esfor\u00e7os cont\u00ednuos para garantir a democratiza\u00e7\u00e3o do acesso \u00e0 literatura, o est\u00edmulo \u00e0 forma\u00e7\u00e3o de leitores e escritores, tamb\u00e9m. Dialoga com nosso passado sem tirar o olho do futuro\u201d, destacou.<\/p>\n\n\n\n<p>O deputado, que tamb\u00e9m \u00e9 artista, concluiu sua fala dizendo estar muito feliz com o reconhecimento e destacando ainda o anivers\u00e1rio de um dos mais importantes literatos de Mato Grosso e a import\u00e2ncia da comenda que leva o nome de um dos fundadores da AML.<\/p>\n\n\n\n<p>\u201cHoje eu volto para casa feliz. No Dia do Poeta Mato-grossense, no dia do nascimento de Silva Freire, recebendo a comenda Jos\u00e9 de Mesquita. Acho que estou me sentindo um super-her\u00f3i porque vou ter em minhas m\u00e3os uma comenda de uma das mais importantes personalidades de Mato Grosso, que foi Jos\u00e9 de Mesquita, co-fundador da AML. Um homem na vanguarda do tempo. Uma inspira\u00e7\u00e3o para mim\u201d.<\/p>\n\n\n\n<p><strong><em>Da Assessoria<\/em><\/strong><\/p>\n","protected":false},"excerpt":{"rendered":"<p>A honraria \u00e9 dedicada aos cidad\u00e3os com contribui\u00e7\u00f5es significativas \u00e0 cultura em Mato Grosso<\/p>\n","protected":false},"author":2,"featured_media":4697,"comment_status":"open","ping_status":"open","sticky":false,"template":"","format":"standard","meta":{"_acf_changed":false,"footnotes":""},"categories":[27,21,11],"tags":[46],"municipio":[],"class_list":["post-4696","post","type-post","status-publish","format-standard","has-post-thumbnail","hentry","category-carrousel","category-cultura","category-noticias","tag-cultura"],"acf":[],"_links":{"self":[{"href":"https:\/\/betodoisaum.com.br\/site\/wp-json\/wp\/v2\/posts\/4696","targetHints":{"allow":["GET"]}}],"collection":[{"href":"https:\/\/betodoisaum.com.br\/site\/wp-json\/wp\/v2\/posts"}],"about":[{"href":"https:\/\/betodoisaum.com.br\/site\/wp-json\/wp\/v2\/types\/post"}],"author":[{"embeddable":true,"href":"https:\/\/betodoisaum.com.br\/site\/wp-json\/wp\/v2\/users\/2"}],"replies":[{"embeddable":true,"href":"https:\/\/betodoisaum.com.br\/site\/wp-json\/wp\/v2\/comments?post=4696"}],"version-history":[{"count":0,"href":"https:\/\/betodoisaum.com.br\/site\/wp-json\/wp\/v2\/posts\/4696\/revisions"}],"wp:featuredmedia":[{"embeddable":true,"href":"https:\/\/betodoisaum.com.br\/site\/wp-json\/wp\/v2\/media\/4697"}],"wp:attachment":[{"href":"https:\/\/betodoisaum.com.br\/site\/wp-json\/wp\/v2\/media?parent=4696"}],"wp:term":[{"taxonomy":"category","embeddable":true,"href":"https:\/\/betodoisaum.com.br\/site\/wp-json\/wp\/v2\/categories?post=4696"},{"taxonomy":"post_tag","embeddable":true,"href":"https:\/\/betodoisaum.com.br\/site\/wp-json\/wp\/v2\/tags?post=4696"},{"taxonomy":"municipio","embeddable":true,"href":"https:\/\/betodoisaum.com.br\/site\/wp-json\/wp\/v2\/municipio?post=4696"}],"curies":[{"name":"wp","href":"https:\/\/api.w.org\/{rel}","templated":true}]}}