{"id":4731,"date":"2023-09-30T13:07:04","date_gmt":"2023-09-30T17:07:04","guid":{"rendered":"https:\/\/betodoisaum.com.br\/site\/?p=4731"},"modified":"2023-10-16T09:22:53","modified_gmt":"2023-10-16T13:22:53","slug":"beto-dois-a-um-e-reconhecido-como-um-dos-mais-atuantes-politicos-de-mt-em-2023","status":"publish","type":"post","link":"https:\/\/betodoisaum.com.br\/site\/beto-dois-a-um-e-reconhecido-como-um-dos-mais-atuantes-politicos-de-mt-em-2023\/","title":{"rendered":"Beto Dois a Um \u00e9 reconhecido como um dos mais atuantes pol\u00edticos de MT em 2023"},"content":{"rendered":"\n<p>O deputado estadual Beto Dois a Um (PSB) foi reconhecido como um dos mais atuantes pol\u00edticos em Mato Grosso em 2023. O Top Empresarial, tradicional premia\u00e7\u00e3o, h\u00e1 12 edi\u00e7\u00f5es homenageia empreendedores, representantes do setor e grupos empresarias do estado. &nbsp;&nbsp;<\/p>\n\n\n\n<p>O evento de premia\u00e7\u00e3o foi realizado na noite desta sexta-feira (29.09), na Fatec\/Senai, em Cuiab\u00e1, e reuniu l\u00edderes empresariais, autoridades pol\u00edticas e membros influentes da sociedade.<\/p>\n\n\n\n<p>\u201cEu me preparei muito pra ser deputado estadual e amo o que fa\u00e7o. O resultado n\u00e3o poderia ser diferente. Muito feliz com o reconhecimento de estar entre os pol\u00edticos mais atuantes de Mato Grosso e agrade\u00e7o a oportunidade de exercer esse cargo t\u00e3o importante na Assembleia Legislativa\u201d, declarou Beto Dois a Um.<\/p>\n\n\n\n<p>Nos primeiros seis meses de mandato, o estreante deputado estadual Beto Dois a Um ostenta n\u00fameros positivos em sua produ\u00e7\u00e3o parlamentar. S\u00e3o <a href=\"https:\/\/www.al.mt.gov.br\/parlamento\/deputados\/401\/perfil\">774 proposi\u00e7\u00f5es<\/a> em tramita\u00e7\u00e3o na Assembleia Legislativa de Mato Grosso e mais de 2 mil atendimentos em seu gabinete, al\u00e9m de visitas a 49 munic\u00edpios de Mato Grosso e uma viagem internacional representando a ALMT.<\/p>\n\n\n\n<p><strong><em>Da Assessoria<\/em><\/strong><\/p>\n","protected":false},"excerpt":{"rendered":"<p>O Top Empresarial, tradicional premia\u00e7\u00e3o de Mato Grosso, h\u00e1 12 edi\u00e7\u00f5es homenageia empreendedores, representantes do setor e grupos empresarias do estado<\/p>\n","protected":false},"author":2,"featured_media":4732,"comment_status":"open","ping_status":"open","sticky":false,"template":"","format":"standard","meta":{"_acf_changed":false,"footnotes":""},"categories":[27,16,23,12,17,11],"tags":[],"municipio":[],"class_list":["post-4731","post","type-post","status-publish","format-standard","has-post-thumbnail","hentry","category-carrousel","category-comercio","category-empreendedorismo","category-geral","category-industria","category-noticias"],"acf":[],"_links":{"self":[{"href":"https:\/\/betodoisaum.com.br\/site\/wp-json\/wp\/v2\/posts\/4731","targetHints":{"allow":["GET"]}}],"collection":[{"href":"https:\/\/betodoisaum.com.br\/site\/wp-json\/wp\/v2\/posts"}],"about":[{"href":"https:\/\/betodoisaum.com.br\/site\/wp-json\/wp\/v2\/types\/post"}],"author":[{"embeddable":true,"href":"https:\/\/betodoisaum.com.br\/site\/wp-json\/wp\/v2\/users\/2"}],"replies":[{"embeddable":true,"href":"https:\/\/betodoisaum.com.br\/site\/wp-json\/wp\/v2\/comments?post=4731"}],"version-history":[{"count":0,"href":"https:\/\/betodoisaum.com.br\/site\/wp-json\/wp\/v2\/posts\/4731\/revisions"}],"wp:featuredmedia":[{"embeddable":true,"href":"https:\/\/betodoisaum.com.br\/site\/wp-json\/wp\/v2\/media\/4732"}],"wp:attachment":[{"href":"https:\/\/betodoisaum.com.br\/site\/wp-json\/wp\/v2\/media?parent=4731"}],"wp:term":[{"taxonomy":"category","embeddable":true,"href":"https:\/\/betodoisaum.com.br\/site\/wp-json\/wp\/v2\/categories?post=4731"},{"taxonomy":"post_tag","embeddable":true,"href":"https:\/\/betodoisaum.com.br\/site\/wp-json\/wp\/v2\/tags?post=4731"},{"taxonomy":"municipio","embeddable":true,"href":"https:\/\/betodoisaum.com.br\/site\/wp-json\/wp\/v2\/municipio?post=4731"}],"curies":[{"name":"wp","href":"https:\/\/api.w.org\/{rel}","templated":true}]}}