{"id":5058,"date":"2023-10-03T08:56:42","date_gmt":"2023-10-03T12:56:42","guid":{"rendered":"https:\/\/betodoisaum.com.br\/site\/?p=5058"},"modified":"2023-10-16T09:22:33","modified_gmt":"2023-10-16T13:22:33","slug":"beto-dois-a-um-apresenta-pl-para-instituir-dia-estadual-da-danca-em-mt","status":"publish","type":"post","link":"https:\/\/betodoisaum.com.br\/site\/beto-dois-a-um-apresenta-pl-para-instituir-dia-estadual-da-danca-em-mt\/","title":{"rendered":"Beto Dois a Um apresenta PL para instituir Dia da Dan\u00e7a em MT"},"content":{"rendered":"\n<p>O deputado Beto Dois a Um (PSB) apresentou projeto de lei que prop\u00f5em a cria\u00e7\u00e3o do Dia Estadual da Dan\u00e7a em Mato Grosso. A data a ser celebrada reserva o dia 29 de abril, em virtude do Dia Internacional da Dan\u00e7a, criado em 1982, que busca promover a dan\u00e7a como forma de express\u00e3o universal e fomentar sua pr\u00e1tica em todo o mundo.<\/p>\n\n\n\n<p>\u201cA dan\u00e7a desempenha um papel fundamental na cultura mato-grossense, enriquecendo o patrim\u00f4nio cultural do estado e contribuindo para a forma\u00e7\u00e3o art\u00edstica e cultural de seus cidad\u00e3os. Al\u00e9m disso, a dan\u00e7a desempenha um papel importante na promo\u00e7\u00e3o da sa\u00fade, bem-estar e inclus\u00e3o social\u201d, destaca o deputado.<\/p>\n\n\n\n<p>A proposi\u00e7\u00e3o cumprir\u00e1 pauta por 5 sess\u00f5es ordin\u00e1rias at\u00e9 ser votada em plen\u00e1rio, o que deve ocorrer no m\u00eas de novembro.<\/p>\n\n\n\n<p><strong><em>Da Assessoria<\/em><\/strong><\/p>\n","protected":false},"excerpt":{"rendered":"<p>&#8220;A dan\u00e7a desempenha um papel importante na promo\u00e7\u00e3o da sa\u00fade, bem-estar e inclus\u00e3o social\u201d, destaca <\/p>\n","protected":false},"author":2,"featured_media":4723,"comment_status":"open","ping_status":"open","sticky":false,"template":"","format":"standard","meta":{"_acf_changed":false,"footnotes":""},"categories":[27,21,15,18],"tags":[35,46,43,49],"municipio":[],"class_list":["post-5058","post","type-post","status-publish","format-standard","has-post-thumbnail","hentry","category-carrousel","category-cultura","category-esporte","category-saude","tag-assembleia-legislativa","tag-cultura","tag-esporte","tag-projeto-de-lei"],"acf":[],"_links":{"self":[{"href":"https:\/\/betodoisaum.com.br\/site\/wp-json\/wp\/v2\/posts\/5058","targetHints":{"allow":["GET"]}}],"collection":[{"href":"https:\/\/betodoisaum.com.br\/site\/wp-json\/wp\/v2\/posts"}],"about":[{"href":"https:\/\/betodoisaum.com.br\/site\/wp-json\/wp\/v2\/types\/post"}],"author":[{"embeddable":true,"href":"https:\/\/betodoisaum.com.br\/site\/wp-json\/wp\/v2\/users\/2"}],"replies":[{"embeddable":true,"href":"https:\/\/betodoisaum.com.br\/site\/wp-json\/wp\/v2\/comments?post=5058"}],"version-history":[{"count":0,"href":"https:\/\/betodoisaum.com.br\/site\/wp-json\/wp\/v2\/posts\/5058\/revisions"}],"wp:featuredmedia":[{"embeddable":true,"href":"https:\/\/betodoisaum.com.br\/site\/wp-json\/wp\/v2\/media\/4723"}],"wp:attachment":[{"href":"https:\/\/betodoisaum.com.br\/site\/wp-json\/wp\/v2\/media?parent=5058"}],"wp:term":[{"taxonomy":"category","embeddable":true,"href":"https:\/\/betodoisaum.com.br\/site\/wp-json\/wp\/v2\/categories?post=5058"},{"taxonomy":"post_tag","embeddable":true,"href":"https:\/\/betodoisaum.com.br\/site\/wp-json\/wp\/v2\/tags?post=5058"},{"taxonomy":"municipio","embeddable":true,"href":"https:\/\/betodoisaum.com.br\/site\/wp-json\/wp\/v2\/municipio?post=5058"}],"curies":[{"name":"wp","href":"https:\/\/api.w.org\/{rel}","templated":true}]}}