{"id":5090,"date":"2023-10-17T07:59:46","date_gmt":"2023-10-17T11:59:46","guid":{"rendered":"https:\/\/betodoisaum.com.br\/site\/?p=5090"},"modified":"2023-10-17T07:59:46","modified_gmt":"2023-10-17T11:59:46","slug":"lei-garante-direito-a-acompanhante-a-pessoas-com-deficiencia-em-espacos-de-lazer","status":"publish","type":"post","link":"https:\/\/betodoisaum.com.br\/site\/lei-garante-direito-a-acompanhante-a-pessoas-com-deficiencia-em-espacos-de-lazer\/","title":{"rendered":"Lei garante direito a acompanhante a pessoas com defici\u00eancia em espa\u00e7os de lazer"},"content":{"rendered":"\n<p>Foi sancionada pelo governador Mauro Mendes (UB) a lei estadual que garante \u00e0s pessoas com defici\u00eancia o direito de ter acompanhante em espa\u00e7os de lazer. A lei n\u00ba 12.290\/23 \u00e9 de autoria do deputado Beto Dois a Um e j\u00e1 est\u00e1 em vigor desde o dia 6 de outubro.<\/p>\n\n\n\n<p>De acordo com parlamentar, a iniciativa quer ampliar o acesso de PCDs aos eventos e garantir a inclus\u00e3o. \u201cVencer o capacitismo no pa\u00eds inclui pensar em pol\u00edticas p\u00fablicas e leis que auxiliem, de fato, as pessoas. Essa lei surgiu da sensibilidade de uma pessoa da minha equipe que sugeriu e n\u00f3s iniciamos os estudos at\u00e9 chegar no texto final\u201d, explicou.<\/p>\n\n\n\n<p>O texto da nova lei define que \u201cfica obrigat\u00f3ria a destina\u00e7\u00e3o de reserva de assento ao acompanhante de Pessoa com Defici\u00eancia em teatros, cinemas, casas de shows, espet\u00e1culos em geral, gin\u00e1sios, arenas, quadras, espa\u00e7os p\u00fablicos e eventos desportivos em geral.\u201d<\/p>\n\n\n\n<p>Agora todos os estabelecimentos onde ocorrem shows, apresenta\u00e7\u00f5es, por exemplo, devem disponibilizar lugar para a PCD e seu acompanhante.<\/p>\n\n\n\n<p>A ideia \u00e9 que a lei sirva para estimular a inclus\u00e3o em outras \u00e1reas al\u00e9m do lazer para que, cada vez mais, sejam ampliadas as possibilidades de exerc\u00edcio da cidadania.<\/p>\n\n\n\n<p>Uma das maiores intelig\u00eancias da humanidade, Stephen Hawking foi diagnosticado em 1964 com uma esclerose lateral amiotr\u00f3fica (ELA) e desafiou constantemente a defici\u00eancia mostrando que com a condi\u00e7\u00f5es adequadas e suporte, a pessoa com defici\u00eancia pode ter uma vida plena.<\/p>\n\n\n\n<p>\u201c\u00c9 dever dos representantes da sociedade oferecer solu\u00e7\u00f5es para as demandas e quero agradecer aos deputados que aprovaram o projeto, mas principalmente, agradecer ao governador Mauro Mendes por abra\u00e7ar uma causa t\u00e3o importante\u201d, finalizou.<\/p>\n\n\n\n<p><strong><em>Da Assessoria <\/em><\/strong><\/p>\n","protected":false},"excerpt":{"rendered":"<p>A lei n\u00ba 12.290\/23 \u00e9 de autoria do deputado Beto Dois a Um e j\u00e1 est\u00e1 em vigor desde o dia 6 de outubro<\/p>\n","protected":false},"author":2,"featured_media":5069,"comment_status":"open","ping_status":"open","sticky":false,"template":"","format":"standard","meta":{"_acf_changed":false,"footnotes":""},"categories":[27,21,15,12,20,11],"tags":[],"municipio":[],"class_list":["post-5090","post","type-post","status-publish","format-standard","has-post-thumbnail","hentry","category-carrousel","category-cultura","category-esporte","category-geral","category-inclusao","category-noticias"],"acf":[],"_links":{"self":[{"href":"https:\/\/betodoisaum.com.br\/site\/wp-json\/wp\/v2\/posts\/5090","targetHints":{"allow":["GET"]}}],"collection":[{"href":"https:\/\/betodoisaum.com.br\/site\/wp-json\/wp\/v2\/posts"}],"about":[{"href":"https:\/\/betodoisaum.com.br\/site\/wp-json\/wp\/v2\/types\/post"}],"author":[{"embeddable":true,"href":"https:\/\/betodoisaum.com.br\/site\/wp-json\/wp\/v2\/users\/2"}],"replies":[{"embeddable":true,"href":"https:\/\/betodoisaum.com.br\/site\/wp-json\/wp\/v2\/comments?post=5090"}],"version-history":[{"count":0,"href":"https:\/\/betodoisaum.com.br\/site\/wp-json\/wp\/v2\/posts\/5090\/revisions"}],"wp:featuredmedia":[{"embeddable":true,"href":"https:\/\/betodoisaum.com.br\/site\/wp-json\/wp\/v2\/media\/5069"}],"wp:attachment":[{"href":"https:\/\/betodoisaum.com.br\/site\/wp-json\/wp\/v2\/media?parent=5090"}],"wp:term":[{"taxonomy":"category","embeddable":true,"href":"https:\/\/betodoisaum.com.br\/site\/wp-json\/wp\/v2\/categories?post=5090"},{"taxonomy":"post_tag","embeddable":true,"href":"https:\/\/betodoisaum.com.br\/site\/wp-json\/wp\/v2\/tags?post=5090"},{"taxonomy":"municipio","embeddable":true,"href":"https:\/\/betodoisaum.com.br\/site\/wp-json\/wp\/v2\/municipio?post=5090"}],"curies":[{"name":"wp","href":"https:\/\/api.w.org\/{rel}","templated":true}]}}