{"id":5327,"date":"2023-10-19T09:24:04","date_gmt":"2023-10-19T13:24:04","guid":{"rendered":"https:\/\/betodoisaum.com.br\/site\/?p=5327"},"modified":"2023-10-19T09:24:05","modified_gmt":"2023-10-19T13:24:05","slug":"e-o-livro-da-minha-vida-estou-recompensado-pela-trajetoria-diz-humberto-espindola","status":"publish","type":"post","link":"https:\/\/betodoisaum.com.br\/site\/e-o-livro-da-minha-vida-estou-recompensado-pela-trajetoria-diz-humberto-espindola\/","title":{"rendered":"&#8220;\u00c9 o livro da minha vida, estou recompensado pela trajet\u00f3ria&#8221;, diz Humberto Esp\u00edndola"},"content":{"rendered":"\n<p>Quem chega pela primeira vez na sede do Poder Executivo de Mato Grosso, o Pal\u00e1cio Paiagu\u00e1s, fica impressionado com a beleza das imagens da obra do artista Humberto Esp\u00edndola. Essa grandiosidade que enche o olhar fixou sua marca na hist\u00f3ria da cultura e agora \u00e9 livro. As mais de 300 p\u00e1ginas assinadas por nomes de peso das artes e intelectualidade mato-grossenses foram consideradas pelo artista o livro de sua vida.<\/p>\n\n\n\n<p>Emocionado e emocionando a todos que estiveram no Plen\u00e1rio da Assembleia, Humberto discursou durante solenidade de homenagens e lan\u00e7amento do livro promovida pelo deputado estadual Beto Dois a Um (PSB), na noite desta ter\u00e7a (18).<\/p>\n\n\n\n<p>Humberto Esp\u00edndola afirmou que o livro n\u00e3o o dividiu entre MT e MS, mas o permitiu ver a integra\u00e7\u00e3o entre esses dois estados, que at\u00e9 o ano de 1977 era um s\u00f3. \u201cEu me sinto muito feliz por ser Mato Grosso que me proporcionou esse que \u00e9 o livro da minha vida, uma obra que esperei muitos anos, d\u00e9cadas, at\u00e9 que o deputado Beto tomou esse projeto nas m\u00e3os e fico feliz de estar vivo para que n\u00e3o fosse uma homenagem p\u00f3stuma, como costuma ocorrer aos artistas desse pa\u00eds. \u00c9 um grande salto\u201d.<\/p>\n\n\n\n<p>Lembrou do trabalho ao lado de Aline Figueiredo que possibilitou \u201cdescentralizar\u201d a arte no pa\u00eds ao atrair olhares antes voltados apenas \u00e0 produ\u00e7\u00e3o do eixo Rio-SP. Ambos s\u00e3o criadores do Museu de Arte e de Cultura Popular (MACP) da UFMT. \u201c\u00c9 uma recompensa por nossa trajet\u00f3ria\u201d, concluiu<\/p>\n\n\n\n<p>A obra foi publicada pela editora Entrelinhas e traz textos e an\u00e1lises da cr\u00edtica de arte, doutora em Estudos Latino-americanos e ex-diretora do Museu de Arte Contempor\u00e2nea do Paran\u00e1, Mariza Bertoli.<\/p>\n\n\n\n<p>Em sua fala, Aline Figueiredo \u201ccosturou\u201d a hist\u00f3ria de Humberto com Cuiab\u00e1 e homenageou n\u00e3o apenas o artista como a cidade, uma vez que um \u00e9 criador e criatura do outro.<\/p>\n\n\n\n<p>\u201cCuiab\u00e1 \u00e9 quente, por isso \u00e9 boa, porque tem coragem de ser boa. Age com o cora\u00e7\u00e3o, afinal, estamos no cora\u00e7\u00e3o da Am\u00e9rica e tudo que temos que fazer \u00e9 agir com coragem. S\u00f3 agindo com o cora\u00e7\u00e3o, como fez a Assembleia aqui, como fez o Beto, que de fato oportunizou que esse livro, essa hist\u00f3ria fosse contada a todos. A \u201cbovinocultura\u201d de Humberto falou alto, o mugido do boi quebrou o sil\u00eancio do ouro. O boi na pl\u00e1stica com suas instala\u00e7\u00f5es, inova\u00e7\u00f5es, foram longe, a Veneza, a SP e abriu as portas para tantos artistas, que nos orgulham\u201d, afirmou.<\/p>\n\n\n\n<p>O parlamentar n\u00e3o escondeu a emo\u00e7\u00e3o diante do p\u00fablico formado por membros da classe art\u00edsticas de diversas \u00e1reas desde a literatura, artes pl\u00e1sticas, audiovisual, entre outras. O livro, explicou, \u00e9 uma obra que traz conhecimento sobre o universo do excepcional Humberto Esp\u00edndola. Um homem que tem uma grande relev\u00e2ncia e uma atua\u00e7\u00e3o na divulga\u00e7\u00e3o da cultura regional<\/p>\n\n\n\n<p>\u201c\u00c9 uma honra viver este dia de grande import\u00e2ncia para a cultura mato-grossense e parar mim, como deputado, ganha contornos ainda maiores. Estudei sobre o Humberto na escola e hoje posso ter o privil\u00e9gio de estar ao lado dele e de grandes artistas para construir mais um peda\u00e7o dessa escadaria que a cultura vem construindo. Todos os eventos que posso fazer na Assembleia, fa\u00e7o quest\u00e3o de trazer ao Plen\u00e1rio, pois a cultura merece ser a protagonista na constru\u00e7\u00e3o da sociedade\u201d, contou Beto.<\/p>\n\n\n\n<p>O secret\u00e1rio-chefe da Casa Civil, Fabio Garcia, refor\u00e7ou o apoio aos projetos culturais e afirmou que \u201cdiante de um mundo cada dia mais moderno e globalizado, o que diferencia os povos \u00e9 a cultura e a arte. A sobreviv\u00eancia de um povo est\u00e1 na manuten\u00e7\u00e3o da sua identidade, se n\u00e3o fora apoiando e preservando a atividade art\u00edstica e cultural, n\u00e3o somos atrativos para que outros nos conhe\u00e7am. Quero parabenizar o deputado e os artistas envolvidos nessa obra e destacar a relev\u00e2ncia do Humberto Esp\u00edndola\u201d.<\/p>\n\n\n\n<p>A editora Maria Tereza Carracedo falou sobre a autora Marisa Bertoli \u201cque lan\u00e7ou um olhar competente sobre a obra do artista a partir da tese de doutorado. Fico feliz que ela tenha, ainda em vida, aprovado e se surpreendido com a edi\u00e7\u00e3o que realizamos\u201d.<\/p>\n\n\n\n<p>Tamb\u00e9m fizeram parte da mesa solene o maestro e pr\u00f3-reitor da UFMT, Fabr\u00edcio Carvalho, o secret\u00e1rio de Cultura Esporte e Lazer Jeferson Neves, o secret\u00e1rio-adjunto Jan Moura e o prefeito de Col\u00edder, Hemerson M\u00e1ximo, o Maninho.<\/p>\n\n\n\n<p>Durante a solenidade foram entregues homenagens \u00e0 equipe que participou do livro. Receberam mo\u00e7\u00f5es de aplausos Aline Figueiredo (fotografias) , Anderson Ortiz (fotografias), Carlos Alberto Ozelame (suporte administrativo), Carlos Marques Medeiros (assessoria de edi\u00e7\u00e3o), Humberto Esp\u00edndola (autor), Jacob Klintowitz (escritor), Maike Vanni (edi\u00e7\u00e3o de imagens), Manoela Carracedo Ozelame (assistente de edi\u00e7\u00e3o), Maria Tereza Carracedo (editora e designer), Marinaldo Cust\u00f3dio (revis\u00e3o), Marisa Bertoli (autora in memorian), Murilo Esp\u00edndola de Oliveira Lima (colecionador), Prot\u00e1sio de Morais (fotografias), Rafael Carracedo Ozelame (assistente de edi\u00e7\u00e3o), Ricardo Miguel Carracedo Ozelame (fotografia).<\/p>\n\n\n\n<p><strong><em>Da Assessoria<\/em><\/strong><\/p>\n","protected":false},"excerpt":{"rendered":"<p>Um dos mais respeitados artistas brasileiros e tamb\u00e9m um dos grandes incentivadores da arte mato-grossense, Humberto Esp\u00edndola e sua \u201cBovinocultura\u201d s\u00e3o celebrados no livro \u201cO M\u00edtico e o Pol\u00edtico na Obra de Humberto Esp\u00edndola\u201d<\/p>\n","protected":false},"author":2,"featured_media":5314,"comment_status":"open","ping_status":"open","sticky":false,"template":"","format":"standard","meta":{"_acf_changed":false,"footnotes":""},"categories":[27,21,11],"tags":[46],"municipio":[],"class_list":["post-5327","post","type-post","status-publish","format-standard","has-post-thumbnail","hentry","category-carrousel","category-cultura","category-noticias","tag-cultura"],"acf":[],"_links":{"self":[{"href":"https:\/\/betodoisaum.com.br\/site\/wp-json\/wp\/v2\/posts\/5327","targetHints":{"allow":["GET"]}}],"collection":[{"href":"https:\/\/betodoisaum.com.br\/site\/wp-json\/wp\/v2\/posts"}],"about":[{"href":"https:\/\/betodoisaum.com.br\/site\/wp-json\/wp\/v2\/types\/post"}],"author":[{"embeddable":true,"href":"https:\/\/betodoisaum.com.br\/site\/wp-json\/wp\/v2\/users\/2"}],"replies":[{"embeddable":true,"href":"https:\/\/betodoisaum.com.br\/site\/wp-json\/wp\/v2\/comments?post=5327"}],"version-history":[{"count":0,"href":"https:\/\/betodoisaum.com.br\/site\/wp-json\/wp\/v2\/posts\/5327\/revisions"}],"wp:featuredmedia":[{"embeddable":true,"href":"https:\/\/betodoisaum.com.br\/site\/wp-json\/wp\/v2\/media\/5314"}],"wp:attachment":[{"href":"https:\/\/betodoisaum.com.br\/site\/wp-json\/wp\/v2\/media?parent=5327"}],"wp:term":[{"taxonomy":"category","embeddable":true,"href":"https:\/\/betodoisaum.com.br\/site\/wp-json\/wp\/v2\/categories?post=5327"},{"taxonomy":"post_tag","embeddable":true,"href":"https:\/\/betodoisaum.com.br\/site\/wp-json\/wp\/v2\/tags?post=5327"},{"taxonomy":"municipio","embeddable":true,"href":"https:\/\/betodoisaum.com.br\/site\/wp-json\/wp\/v2\/municipio?post=5327"}],"curies":[{"name":"wp","href":"https:\/\/api.w.org\/{rel}","templated":true}]}}