{"id":5347,"date":"2023-10-20T11:46:46","date_gmt":"2023-10-20T15:46:46","guid":{"rendered":"https:\/\/betodoisaum.com.br\/site\/?p=5347"},"modified":"2023-10-20T11:46:47","modified_gmt":"2023-10-20T15:46:47","slug":"beto-dois-a-um-recebe-comenda-couto-magalhaes-em-varzea-grande","status":"publish","type":"post","link":"https:\/\/betodoisaum.com.br\/site\/beto-dois-a-um-recebe-comenda-couto-magalhaes-em-varzea-grande\/","title":{"rendered":"Beto Dois a Um recebe Comenda Couto Magalh\u00e3es em V\u00e1rzea Grande"},"content":{"rendered":"\n<p>O deputado estadual Beto Dois a Um (PSB) foi homenageado como personalidade que atuou para o desenvolvimento de V\u00e1rzea Grande e recebeu a Comenda Couto Magalh\u00e3es, a maior honraria do munic\u00edpio, na noite da \u00faltima quinta (19). O parlamentar foi respons\u00e1vel por a\u00e7\u00f5es de incentivo ao esporte e \u00e0 cultura de VG.<\/p>\n\n\n\n<p>O prefeito Kalil Baracat explicou que a cerim\u00f4nia \u00e9 um reconhecimento a quem trabalha pelo munic\u00edpio e agradeceu o apoio do deputado na constru\u00e7\u00e3o de projetos para a valoriza\u00e7\u00e3o da popula\u00e7\u00e3o. \u201cParabenizo aos homenageados e a todos que apostam no sucesso do nosso munic\u00edpio\u201d, finalizou.<\/p>\n\n\n\n<p>A Comenda foi proposta pelo vereador Braz Jaciro (Pros) e aprovada por unanimidade na C\u00e2mara de VG. Ex-secret\u00e1rio de Estado de Cultura, Esporte e Lazer, Beto atuou na organiza\u00e7\u00e3o de eventos que ajudaram a colocar o munic\u00edpio em circuitos nacionais, como a realiza\u00e7\u00e3o da final da Supercopa de V\u00f4lei, al\u00e9m de incentivar a realiza\u00e7\u00e3o de torneios do tradicional futebol de v\u00e1rzea e diversas outras pr\u00e1ticas esportivas. As a\u00e7\u00f5es do deputado, que \u00e9 atuante na valoriza\u00e7\u00e3o da cultura, tamb\u00e9m foram destacadas.<\/p>\n\n\n\n<p>\u201cComo algu\u00e9m que ama essa cidade preciso falar que a emo\u00e7\u00e3o \u00e9 imensa. Fico feliz pelo reconhecimento, mas tamb\u00e9m sei que podemos fazer muito mais. \u00c9 por isso que quero me colocar \u00e0 disposi\u00e7\u00e3o da popula\u00e7\u00e3o v\u00e1rzea-grandense como parceiro na Assembleia\u201d, afirmou o deputado.<br>O presidente da C\u00e2mara de VG, o vereador Pedro Paulo Tolares enalteceu os homenageados e lembrou que a aprova\u00e7\u00e3o dos nomes foi un\u00e2nime.<\/p>\n\n\n\n<p>O deputado Fabinho Tardin (PSB) lembrou que foi em sua gest\u00e3o na C\u00e2mara que instituiu no calend\u00e1rio municipal a homenagem com a Comenda. \u201cFico muito alegre em ver a continuidade e parabenizar os homenageados\u201d.<br>Tamb\u00e9m fizeram parte do dispositivo o senador Jayme Campos (UB) e o deputado estadual Max Russi (PSB).<\/p>\n\n\n\n<p>Os 31 homenageados foram representados pela jornalista Edina Ara\u00fajo que discursou no evento. Ela agradeceu a honraria e lembrou da import\u00e2ncia do reconhecimento \u00e0 atua\u00e7\u00e3o de cada um dos representados. Couto Magalh\u00e3es, que empresta nome \u00e0 Comenda, \u00e9 considerado fundador de V\u00e1rzea Grande na data de 15 de maio de 1867.<\/p>\n\n\n\n<p><strong><em>Da Assessoria <\/em><\/strong><\/p>\n","protected":false},"excerpt":{"rendered":"<p>A Comenda Couto Magalh\u00e3es \u00e9 a maior honraria do munic\u00edpio, proposta pelo vereador Braz Jaciro (Pros) e aprovada por unanimidade na C\u00e2mara de VG<\/p>\n","protected":false},"author":2,"featured_media":5340,"comment_status":"open","ping_status":"open","sticky":false,"template":"","format":"standard","meta":{"_acf_changed":false,"footnotes":""},"categories":[27,12,11],"tags":[46,43],"municipio":[],"class_list":["post-5347","post","type-post","status-publish","format-standard","has-post-thumbnail","hentry","category-carrousel","category-geral","category-noticias","tag-cultura","tag-esporte"],"acf":[],"_links":{"self":[{"href":"https:\/\/betodoisaum.com.br\/site\/wp-json\/wp\/v2\/posts\/5347","targetHints":{"allow":["GET"]}}],"collection":[{"href":"https:\/\/betodoisaum.com.br\/site\/wp-json\/wp\/v2\/posts"}],"about":[{"href":"https:\/\/betodoisaum.com.br\/site\/wp-json\/wp\/v2\/types\/post"}],"author":[{"embeddable":true,"href":"https:\/\/betodoisaum.com.br\/site\/wp-json\/wp\/v2\/users\/2"}],"replies":[{"embeddable":true,"href":"https:\/\/betodoisaum.com.br\/site\/wp-json\/wp\/v2\/comments?post=5347"}],"version-history":[{"count":0,"href":"https:\/\/betodoisaum.com.br\/site\/wp-json\/wp\/v2\/posts\/5347\/revisions"}],"wp:featuredmedia":[{"embeddable":true,"href":"https:\/\/betodoisaum.com.br\/site\/wp-json\/wp\/v2\/media\/5340"}],"wp:attachment":[{"href":"https:\/\/betodoisaum.com.br\/site\/wp-json\/wp\/v2\/media?parent=5347"}],"wp:term":[{"taxonomy":"category","embeddable":true,"href":"https:\/\/betodoisaum.com.br\/site\/wp-json\/wp\/v2\/categories?post=5347"},{"taxonomy":"post_tag","embeddable":true,"href":"https:\/\/betodoisaum.com.br\/site\/wp-json\/wp\/v2\/tags?post=5347"},{"taxonomy":"municipio","embeddable":true,"href":"https:\/\/betodoisaum.com.br\/site\/wp-json\/wp\/v2\/municipio?post=5347"}],"curies":[{"name":"wp","href":"https:\/\/api.w.org\/{rel}","templated":true}]}}