{"id":5380,"date":"2023-10-23T11:44:51","date_gmt":"2023-10-23T15:44:51","guid":{"rendered":"https:\/\/betodoisaum.com.br\/site\/?p=5380"},"modified":"2023-10-23T16:11:31","modified_gmt":"2023-10-23T20:11:31","slug":"beto-dois-a-um-concede-titulo-de-cidada-mato-grossense-a-atriz-dira-paes","status":"publish","type":"post","link":"https:\/\/betodoisaum.com.br\/site\/beto-dois-a-um-concede-titulo-de-cidada-mato-grossense-a-atriz-dira-paes\/","title":{"rendered":"Beto Dois a Um concede T\u00edtulo de Cidad\u00e3 Mato-grossense \u00e0 atriz Dira Paes"},"content":{"rendered":"\n<p>No palco do 21\u00b0 Cinemato, no Teatro da UFMT, mais precisamente em sua noite de estreia neste domingo (22.10), o deputado estadual Beto Dois a Um concedeu T\u00edtulo de Cidad\u00e3 Mato-grossense \u00e0 atriz Dira Paes, a principal homenageada do Festival de Cinema e V\u00eddeo de Cuiab\u00e1 2023.<\/p>\n\n\n\n<p>\u201cSer cidad\u00e3 mato-grossense traz uma responsabilidade enorme. Temos uma Amaz\u00f4nia que nos une, influ\u00eancias culturais que nos unem, por isso temos que ocupar espa\u00e7os e criar novas representatividades. Contem sempre comigo para que possamos levar, juntos, o cinema mato-grossense a diante, para al\u00e9m das fronteiras brasileiras. Vida longa ao Cinemato e aos trabalhadores do cinema de Mato Grosso\u201d, comemorou Dira Paes.<\/p>\n\n\n\n<p>O deputado Beto Dois a Um, em conson\u00e2ncia com o tema desta edi\u00e7\u00e3o do Cinemato, \u201cPachamama\u201d, falou sobre a import\u00e2ncia do fazer cinema em Mato Grosso e como esta pode ser uma poderosa ferramenta de reflex\u00e3o e resist\u00eancia.&nbsp;<\/p>\n\n\n\n<p>\u201cO cinema sempre foi uma ferramenta de resist\u00eancia e proje\u00e7\u00e3o cultural, sua import\u00e2ncia vai al\u00e9m do entretenimento. Tenho enorme admira\u00e7\u00e3o pelo cinema brasileiro e posso afirmar que Cuiab\u00e1 est\u00e1 de volta ao mapa dos principais festivais do Brasil. E essa noite de estreia \u00e9 uma daquelas que n\u00e3o esquecerei t\u00e3o cedo, tive a honra de entregar em m\u00e3os esse t\u00edtulo \u00e0 atriz Dira Paes, diante de tantos trabalhadores do cinema de Mato Grosso e do Brasil\u201d, destacou Beto Dois a Um.<\/p>\n\n\n\n<p>Na ocasi\u00e3o, o parlamentar tamb\u00e9m concedeu Mo\u00e7\u00e3o de Aplausos a Andr\u00e9 Saddy, diretor do Canal Brasil, canal que h\u00e1 25 anos divulga e valoriza o cinema nacional e seus realizadores.<\/p>\n\n\n\n<p>\u201cAgrade\u00e7o imensamente o deputado Beto Dois a Um pela honraria e concordo quando ele diz que fazer cinema \u00e9 um ato de resist\u00eancia. Precisamos ocupar espa\u00e7os para que possamos exibir toda nossa diversidade cultural, e assim fortalecer cada vez mais polos fazedores de cinema, como Mato Grosso. Para isso o Canal Brasil existe, um canal que nasceu para exibir filme brasileiro, formar novas plateias e, hoje, coproduz muitos t\u00edtulos. O cinema brasileiro \u00e9 resist\u00eancia, guerrilha, mas tamb\u00e9m \u00e9 um espa\u00e7o a ser ocupado. E sim, \u00e9 fundamental que haja incentivo\u201d, destaca Saddy.<\/p>\n\n\n\n<p><strong><em>Da Assessoria <\/em><\/strong><\/p>\n","protected":false},"excerpt":{"rendered":"<p>\u201cSer cidad\u00e3 mato-grossense traz uma responsabilidade enorme&#8221;, diz a atriz ao receber a honraria das m\u00e3os do parlamentar <\/p>\n","protected":false},"author":2,"featured_media":5372,"comment_status":"open","ping_status":"open","sticky":false,"template":"","format":"standard","meta":{"_acf_changed":false,"footnotes":""},"categories":[27,21,11],"tags":[46,37,40],"municipio":[],"class_list":["post-5380","post","type-post","status-publish","format-standard","has-post-thumbnail","hentry","category-carrousel","category-cultura","category-noticias","tag-cultura","tag-politica","tag-social"],"acf":[],"_links":{"self":[{"href":"https:\/\/betodoisaum.com.br\/site\/wp-json\/wp\/v2\/posts\/5380","targetHints":{"allow":["GET"]}}],"collection":[{"href":"https:\/\/betodoisaum.com.br\/site\/wp-json\/wp\/v2\/posts"}],"about":[{"href":"https:\/\/betodoisaum.com.br\/site\/wp-json\/wp\/v2\/types\/post"}],"author":[{"embeddable":true,"href":"https:\/\/betodoisaum.com.br\/site\/wp-json\/wp\/v2\/users\/2"}],"replies":[{"embeddable":true,"href":"https:\/\/betodoisaum.com.br\/site\/wp-json\/wp\/v2\/comments?post=5380"}],"version-history":[{"count":0,"href":"https:\/\/betodoisaum.com.br\/site\/wp-json\/wp\/v2\/posts\/5380\/revisions"}],"wp:featuredmedia":[{"embeddable":true,"href":"https:\/\/betodoisaum.com.br\/site\/wp-json\/wp\/v2\/media\/5372"}],"wp:attachment":[{"href":"https:\/\/betodoisaum.com.br\/site\/wp-json\/wp\/v2\/media?parent=5380"}],"wp:term":[{"taxonomy":"category","embeddable":true,"href":"https:\/\/betodoisaum.com.br\/site\/wp-json\/wp\/v2\/categories?post=5380"},{"taxonomy":"post_tag","embeddable":true,"href":"https:\/\/betodoisaum.com.br\/site\/wp-json\/wp\/v2\/tags?post=5380"},{"taxonomy":"municipio","embeddable":true,"href":"https:\/\/betodoisaum.com.br\/site\/wp-json\/wp\/v2\/municipio?post=5380"}],"curies":[{"name":"wp","href":"https:\/\/api.w.org\/{rel}","templated":true}]}}