{"id":5564,"date":"2023-11-13T16:24:12","date_gmt":"2023-11-13T20:24:12","guid":{"rendered":"https:\/\/betodoisaum.com.br\/site\/?p=5564"},"modified":"2023-11-13T16:24:13","modified_gmt":"2023-11-13T20:24:13","slug":"decisao-do-stf-deve-devolver-territorio-a-barra-do-garcas","status":"publish","type":"post","link":"https:\/\/betodoisaum.com.br\/site\/decisao-do-stf-deve-devolver-territorio-a-barra-do-garcas\/","title":{"rendered":"Decis\u00e3o do STF deve devolver territ\u00f3rio a Barra do Gar\u00e7as"},"content":{"rendered":"\n<p>Nova decis\u00e3o do Supremo Tribunal Federal (STF) \u00e9 base para devolver \u00e1rea de mais de 70 mil ha para Barra do Gar\u00e7as. O assunto foi tema de reuni\u00e3o entre o prefeito do Munic\u00edpio, Adilson Gon\u00e7alves (UB), o deputado Beto Dois a Um e o presidente do Instituto de Terras do Estado (Intermat), Francisco Serafim de Barros (foto), nesta quarta (25.10).<\/p>\n\n\n\n<p>O impasse jur\u00eddico envolve a Lei Estadual n\u00ba 6.629\/1995, que ratificou os limites territoriais entre os munic\u00edpios de Barra do Gar\u00e7as, Nova Xavantina e General Carneiro, \u00e0 \u00e9poca.<\/p>\n\n\n\n<p>Agora, Barra do Gar\u00e7as quer mudar a decis\u00e3o do \u00d3rg\u00e3o Especial do Tribunal de Justi\u00e7a (TJMT) que declarou inconstitucional a lei supracitada, mantendo a perda de mais de 70.000 ha do munic\u00edpio de Barra do Gar\u00e7as (501 Km de Cuiab\u00e1), para Nova Xavantina (650 Km da capital).<\/p>\n\n\n\n<p>Acontece que a decis\u00e3o do STF deve mudar a decis\u00e3o do desembargador Marcio Vidal. Isso porque Vidal apontou que a lei n\u00ba 6.629\/1995, que redefiniu o territ\u00f3rio, n\u00e3o contou com plebiscito da popula\u00e7\u00e3o, o que estaria gerando a inconstitucionalidade.<br>Por\u00e9m, esse n\u00e3o \u00e9 o entendimento do STF, pois na que criou o Munic\u00edpio de Boa Esperan\u00e7a do Norte em MT ocorreu o julgamento da Argui\u00e7\u00e3o de Descumprimento de Preceito Fundamental (ADPF) 819.<\/p>\n\n\n\n<p>Sob a relatoria do ministro Gilmar Mendes, ficou firmado o entendimento de que a Emenda Constitucional n\u00ba 57\/2008 convalidou os atos de cria\u00e7\u00e3o, fus\u00e3o, incorpora\u00e7\u00e3o e desmembramento de munic\u00edpios cuja lei tivesse sido publicada at\u00e9 31\/12\/2006, desde que atendidos os demais requisitos estabelecidos na legisla\u00e7\u00e3o estadual na \u00e9poca de sua cria\u00e7\u00e3o.<\/p>\n\n\n\n<p>O prefeito aproveitou a reuni\u00e3o com o deputado e o presidente do Intermat para expor o caso e reunir informa\u00e7\u00f5es para fundamentar nova a\u00e7\u00e3o judicial, agora com a argumenta\u00e7\u00e3o baseada na decis\u00e3o do STF, que pacifica a discuss\u00e3o.<\/p>\n","protected":false},"excerpt":{"rendered":"<p>Prefeito Adilson quer mudar a decis\u00e3o do \u00d3rg\u00e3o Especial do Tribunal de Justi\u00e7a (TJMT)<\/p>\n","protected":false},"author":2,"featured_media":5534,"comment_status":"open","ping_status":"open","sticky":false,"template":"","format":"standard","meta":{"_acf_changed":false,"footnotes":""},"categories":[25,27,12,11],"tags":[36,35,50,37],"municipio":[],"class_list":["post-5564","post","type-post","status-publish","format-standard","has-post-thumbnail","hentry","category-agricultura-familiar","category-carrousel","category-geral","category-noticias","tag-20legislatura","tag-assembleia-legislativa","tag-mandato","tag-politica"],"acf":[],"_links":{"self":[{"href":"https:\/\/betodoisaum.com.br\/site\/wp-json\/wp\/v2\/posts\/5564","targetHints":{"allow":["GET"]}}],"collection":[{"href":"https:\/\/betodoisaum.com.br\/site\/wp-json\/wp\/v2\/posts"}],"about":[{"href":"https:\/\/betodoisaum.com.br\/site\/wp-json\/wp\/v2\/types\/post"}],"author":[{"embeddable":true,"href":"https:\/\/betodoisaum.com.br\/site\/wp-json\/wp\/v2\/users\/2"}],"replies":[{"embeddable":true,"href":"https:\/\/betodoisaum.com.br\/site\/wp-json\/wp\/v2\/comments?post=5564"}],"version-history":[{"count":0,"href":"https:\/\/betodoisaum.com.br\/site\/wp-json\/wp\/v2\/posts\/5564\/revisions"}],"wp:featuredmedia":[{"embeddable":true,"href":"https:\/\/betodoisaum.com.br\/site\/wp-json\/wp\/v2\/media\/5534"}],"wp:attachment":[{"href":"https:\/\/betodoisaum.com.br\/site\/wp-json\/wp\/v2\/media?parent=5564"}],"wp:term":[{"taxonomy":"category","embeddable":true,"href":"https:\/\/betodoisaum.com.br\/site\/wp-json\/wp\/v2\/categories?post=5564"},{"taxonomy":"post_tag","embeddable":true,"href":"https:\/\/betodoisaum.com.br\/site\/wp-json\/wp\/v2\/tags?post=5564"},{"taxonomy":"municipio","embeddable":true,"href":"https:\/\/betodoisaum.com.br\/site\/wp-json\/wp\/v2\/municipio?post=5564"}],"curies":[{"name":"wp","href":"https:\/\/api.w.org\/{rel}","templated":true}]}}